{"id":59736,"date":"2024-08-15T06:31:00","date_gmt":"2024-08-15T09:31:00","guid":{"rendered":"https:\/\/www.portalalerta.com.br\/?p=59736"},"modified":"2024-08-15T01:06:47","modified_gmt":"2024-08-15T04:06:47","slug":"iml-ja-identificou-corpos-de-60-das-62-vitimas-do-acidente-da-voepass","status":"publish","type":"post","link":"https:\/\/www.portalalerta.com.br\/index.php\/2024\/08\/15\/iml-ja-identificou-corpos-de-60-das-62-vitimas-do-acidente-da-voepass\/","title":{"rendered":"IML j\u00e1 identificou corpos de 60 das 62 v\u00edtimas do acidente da Voepass"},"content":{"rendered":"\n<p>Dos corpos identificados, 30 j\u00e1 foram liberados aos familiares; trabalhos de identifica\u00e7\u00e3o s\u00e3o feitos por ao menos 40 profissionais<\/p>\n\n\n\n<!--more-->\n\n\n\n<p>O\u00a0<strong>IML (Instituto M\u00e9dico Legal) de S\u00e3o Paulo<\/strong>\u00a0informou na noite desta quarta-feira (14) que j\u00e1 foram identificados os corpos de 60 das 62 v\u00edtimas do\u00a0<strong>acidente do voo 2283 da Voepass Linhas A\u00e9reas<\/strong>. O avi\u00e3o caiu na \u00faltima sexta-feira (9), no munic\u00edpio de\u00a0<strong>Vinhedo (SP)<\/strong>, sem deixar sobreviventes.<\/p>\n\n\n\n<p>A identifica\u00e7\u00e3o dos corpos \u00e9 feita na Unidade Central do IML da capital paulista, no bairro de Pinheiros. Dos 60 corpos identificados, 30 j\u00e1 foram liberados aos familiares. Os trabalhos de identifica\u00e7\u00e3o s\u00e3o feitos por ao menos 40 m\u00e9dicos e integrantes de equipes de odontologia legal, antropologia e radiologia, com apoio do Instituto de Identifica\u00e7\u00e3o Ricardo Gumbleton Daunt.<\/p>\n\n\n<div class=\"wp-block-image\">\n<figure class=\"aligncenter size-large\"><img fetchpriority=\"high\" decoding=\"async\" width=\"1024\" height=\"348\" src=\"https:\/\/www.portalalerta.com.br\/wp-content\/uploads\/2024\/07\/Real-Diversao-2024-1024x348.jpg\" alt=\"\" class=\"wp-image-58229\" srcset=\"https:\/\/www.portalalerta.com.br\/wp-content\/uploads\/2024\/07\/Real-Diversao-2024-1024x348.jpg 1024w, https:\/\/www.portalalerta.com.br\/wp-content\/uploads\/2024\/07\/Real-Diversao-2024-706x240.jpg 706w, https:\/\/www.portalalerta.com.br\/wp-content\/uploads\/2024\/07\/Real-Diversao-2024-768x261.jpg 768w, https:\/\/www.portalalerta.com.br\/wp-content\/uploads\/2024\/07\/Real-Diversao-2024.jpg 1280w\" sizes=\"(max-width: 1024px) 100vw, 1024px\" \/><\/figure><\/div>\n\n\n<p>A investiga\u00e7\u00e3o criminal do acidente \u00e9 feita pela Pol\u00edcia Civil de S\u00e3o Paulo, por meio da Delegacia de Vinhedo, que j\u00e1 instaurou inqu\u00e9rito policial. As dilig\u00eancias est\u00e3o em andamento sob segredo de Justi\u00e7a.<\/p>\n\n\n\n<p>A Pol\u00edcia Federal tamb\u00e9m iniciou investiga\u00e7\u00e3o sobre o acidente. A apura\u00e7\u00e3o da pol\u00edcia ocorre em paralelo \u00e0 do Cenipa (Centro de Investiga\u00e7\u00e3o e Preven\u00e7\u00e3o de Acidentes Aeron\u00e1uticos), focada na precau\u00e7\u00e3o de novos acidentes.<\/p>\n\n\n\n<p>Mais um avi\u00e3o da For\u00e7a A\u00e9rea Brasileira decolou hoje de S\u00e3o Paulo para o Paran\u00e1, levando os corpos de tr\u00eas v\u00edtimas do acidente a\u00e9reo, que aconteceu em Vinhedo.<\/p>\n\n\n\n<p><strong>O acidente<\/strong><\/p>\n\n\n\n<p>O avi\u00e3o que caiu tinha sa\u00eddo de Cascavel, \u00e0s 11h58 da \u00faltima sexta, com destino a S\u00e3o Paulo, onde pousaria no Aeroporto de Guarulhos.<\/p>\n\n\n\n<p>Cerca de 17 minutos antes do hor\u00e1rio previsto para o pouso, o avi\u00e3o caiu no quintal de uma casa em um condom\u00ednio privado, em Vinhedo, e explodiu.<\/p>\n\n\n\n<p>A bordo, estavam 62 pessoas, sendo 58 passageiros e quatro tripulantes. Todas as v\u00edtimas morreram de forma instant\u00e2nea assim que a aeronave bateu no ch\u00e3o, segundo o Instituto M\u00e9dico Legal de S\u00e3o Paulo. De acordo com o IML, todas sofreram politraumatismo, condi\u00e7\u00e3o em que uma pessoa sofre m\u00faltiplas les\u00f5es traum\u00e1ticas ao mesmo tempo.<\/p>\n\n\n\n<p>Segundo a For\u00e7a A\u00e9rea Brasileira, o voo ocorreu dentro da normalidade at\u00e9 as 13h20. No entanto, a partir de 13h21 a aeronave n\u00e3o respondeu \u00e0s chamadas do Controle de Aproxima\u00e7\u00e3o de S\u00e3o Paulo, bem como n\u00e3o declarou emerg\u00eancia ou reportou estar sob condi\u00e7\u00f5es meteorol\u00f3gicas adversas. A perda total do contato do controle de tr\u00e1fego a\u00e9reo com o avi\u00e3o ocorreu \u00e0s 13h22.<\/p>\n\n\n\n<p>No s\u00e1bado (10), as duas caixas pretas do avi\u00e3o chegaram a Bras\u00edlia para passar por uma per\u00edcia. Segundo o Cenipa (Centro de Investiga\u00e7\u00e3o e Preven\u00e7\u00e3o de Acidentes Aeron\u00e1uticos), o relat\u00f3rio preliminar sobre as poss\u00edveis causas da queda do avi\u00e3o deve ser conclu\u00eddo em 30 dias.<\/p>\n\n\n\n<p>A FAB informou, tamb\u00e9m, que o Cenipa extraiu \u201ccom \u00eaxito\u201d as informa\u00e7\u00f5es das caixas-pretas que registraram as vozes da cabine e os dados do voo.<\/p>\n\n\n\n<p>As informa\u00e7\u00f5es dos gravadores v\u00e3o auxiliar nas investiga\u00e7\u00f5es para entender os \u00faltimos momentos do voo e identificar poss\u00edveis falhas t\u00e9cnicas ou humanas.<\/p>\n\n\n\n<p><em>Fonte: R7<\/em><\/p>\n","protected":false},"excerpt":{"rendered":"<p>Dos corpos identificados, 30 j\u00e1 foram liberados aos familiares; trabalhos de identifica\u00e7\u00e3o s\u00e3o feitos por ao menos 40 profissionais<\/p>\n","protected":false},"author":2,"featured_media":59572,"comment_status":"open","ping_status":"open","sticky":false,"template":"","format":"standard","meta":{"om_disable_all_campaigns":false,"_monsterinsights_skip_tracking":false,"_monsterinsights_sitenote_active":false,"_monsterinsights_sitenote_note":"","_monsterinsights_sitenote_category":0,"footnotes":""},"categories":[34,70,69],"tags":[477,100,71,48,93,75,45,46,129,107,44,346,132,230,106,203,120,51,109,88,47,111,190],"class_list":["post-59736","post","type-post","status-publish","format-standard","has-post-thumbnail","hentry","category-brasil","category-destaques","category-noticias2","tag-acidente-aereo","tag-adustina","tag-antas","tag-araci","tag-brasil","tag-cicero-dantas","tag-cipo","tag-crisopolis","tag-euclides-da-cunha","tag-fatima","tag-heliopolis","tag-iml","tag-itapicuru","tag-jeremoabo","tag-nova-soure","tag-novo-triunfo","tag-olindina","tag-paripiranga","tag-quijingue","tag-ribeira-do-amparo","tag-ribeira-do-pombal","tag-sitio-do-quinto","tag-tucano"],"aioseo_notices":[],"_links":{"self":[{"href":"https:\/\/www.portalalerta.com.br\/index.php\/wp-json\/wp\/v2\/posts\/59736","targetHints":{"allow":["GET"]}}],"collection":[{"href":"https:\/\/www.portalalerta.com.br\/index.php\/wp-json\/wp\/v2\/posts"}],"about":[{"href":"https:\/\/www.portalalerta.com.br\/index.php\/wp-json\/wp\/v2\/types\/post"}],"author":[{"embeddable":true,"href":"https:\/\/www.portalalerta.com.br\/index.php\/wp-json\/wp\/v2\/users\/2"}],"replies":[{"embeddable":true,"href":"https:\/\/www.portalalerta.com.br\/index.php\/wp-json\/wp\/v2\/comments?post=59736"}],"version-history":[{"count":1,"href":"https:\/\/www.portalalerta.com.br\/index.php\/wp-json\/wp\/v2\/posts\/59736\/revisions"}],"predecessor-version":[{"id":59737,"href":"https:\/\/www.portalalerta.com.br\/index.php\/wp-json\/wp\/v2\/posts\/59736\/revisions\/59737"}],"wp:featuredmedia":[{"embeddable":true,"href":"https:\/\/www.portalalerta.com.br\/index.php\/wp-json\/wp\/v2\/media\/59572"}],"wp:attachment":[{"href":"https:\/\/www.portalalerta.com.br\/index.php\/wp-json\/wp\/v2\/media?parent=59736"}],"wp:term":[{"taxonomy":"category","embeddable":true,"href":"https:\/\/www.portalalerta.com.br\/index.php\/wp-json\/wp\/v2\/categories?post=59736"},{"taxonomy":"post_tag","embeddable":true,"href":"https:\/\/www.portalalerta.com.br\/index.php\/wp-json\/wp\/v2\/tags?post=59736"}],"curies":[{"name":"wp","href":"https:\/\/api.w.org\/{rel}","templated":true}]}}