{"id":59742,"date":"2024-08-15T06:33:00","date_gmt":"2024-08-15T09:33:00","guid":{"rendered":"https:\/\/www.portalalerta.com.br\/?p=59742"},"modified":"2024-08-15T01:06:21","modified_gmt":"2024-08-15T04:06:21","slug":"bahia-fica-em-ultimo-lugar-no-aprendizado-de-portugues-e-matematica-no-ensino-medio-diz-mec","status":"publish","type":"post","link":"https:\/\/www.portalalerta.com.br\/index.php\/2024\/08\/15\/bahia-fica-em-ultimo-lugar-no-aprendizado-de-portugues-e-matematica-no-ensino-medio-diz-mec\/","title":{"rendered":"Bahia fica em \u00faltimo lugar no aprendizado de portugu\u00eas e matem\u00e1tica no Ensino M\u00e9dio, diz MEC"},"content":{"rendered":"\n<p>A Bahia possui o pior \u00edndice na aprendizagem de l\u00edngua portuguesa e matem\u00e1tica do Ensino M\u00e9dio do Brasil. A informa\u00e7\u00e3o foi divulgada nesta quarta-feira (14) no relat\u00f3rio do \u00cdndice de Desenvolvimento da Educa\u00e7\u00e3o B\u00e1sica (ldeb) 2023, publicado pelo Minist\u00e9rio da Educa\u00e7\u00e3o (MEC) e pelo Instituto Nacional de Estudos e Pesquisas Educacionais An\u00edsio Teixeira (Inep).<\/p>\n\n\n\n<!--more-->\n\n\n\n<p>O estado baiano tem uma nota m\u00e9dia padronizada de 4,01, ocupando o p\u00f3dio negativo ao lado do Maranh\u00e3o e do Rio de Janeiro, que possuem notas de 4,03 e 4,10, respectivamente. Esses \u00edndices correspondem \u00e0 nota do Sistema de Avalia\u00e7\u00e3o da Educa\u00e7\u00e3o B\u00e1sica (Saeb), que \u00e9 um conjunto de avalia\u00e7\u00f5es externas em larga escala. Ele permite que o Inep realize um diagn\u00f3stico da educa\u00e7\u00e3o b\u00e1sica brasileira.<\/p>\n\n\n\n<p>Presidente executiva do Movimento Todos pela Educa\u00e7\u00e3o, Priscila Cruz disse que o governo estadual precisa adotar <strong>\u201curgentemente\u201d<\/strong> medidas para resolver a situa\u00e7\u00e3o. <strong><em>\u201cA Bahia tem muita gente talentosa, muita gente boa, \u00e9 um estado maravilhoso, mas tem falhado no campo da aprendizagem\u201d,<\/em><\/strong> declarou ela, em entrevista ao CORREIO.<\/p>\n\n\n\n<p>Na mesma linha, o professor doutor da Faculdade de Educa\u00e7\u00e3o da Universidade Federal da Bahia (Faced-Ufba), Roberto Sidnei Macedo, afirmou que h\u00e1 uma necessidade de cria\u00e7\u00e3o de uma pol\u00edtica espec\u00edfica para melhorar os \u00edndices na aprendizagem de portugu\u00eas e matem\u00e1tica. <strong><em>&#8220;N\u00e3o estamos criando condi\u00e7\u00f5es em duas \u00e1reas fundamentais para termos crian\u00e7as bem alfabetizadas e bem preparadas no que concerne ao componente escolar. A sociedade inteira sabe o quanto \u00e9 fundamental uma boa forma\u00e7\u00e3o em portugu\u00eas e matem\u00e1tica para que as crian\u00e7as possam estar em condi\u00e7\u00f5es de se desenvolver em termos de sua cogni\u00e7\u00e3o, capacidade de express\u00e3o, leitura e representa\u00e7\u00e3o pela escrita\u201d<\/em><\/strong>, avaliou.<\/p>\n\n\n\n<p><strong><em>&#8220;N\u00e3o estamos criando condi\u00e7\u00f5es em duas \u00e1reas fundamentais (portugu\u00eas e matem\u00e1tica) para termos crian\u00e7as bem alfabetizadas e bem preparadas no que concerne ao componente escolar&#8221;<\/em><\/strong><\/p>\n\n\n\n<p><strong>Roberto Sidnei Macedo<\/strong><\/p>\n\n\n\n<p>Professor doutor da Faculdade de Educa\u00e7\u00e3o da Ufba<\/p>\n\n\n\n<p>As notas de desempenho dos estudantes brasileiros apuradas pelo Saeb comp\u00f5em o Ideb, associadas com as taxas de aprova\u00e7\u00e3o, reprova\u00e7\u00e3o e abandono escolar. Segundo o indicador, o Ensino M\u00e9dio da Bahia alcan\u00e7ou nota 3,7, abaixo da meta estabelecida pelo MEC em 2021, que era de 4,5. Nos anos finais (6\u00b0 ao 9\u00b0) do Ensino Fundamental, o estado registrou 4,2 pontos.<\/p>\n\n\n\n<p><em>Fonte: Correio<\/em><\/p>\n","protected":false},"excerpt":{"rendered":"<p>A Bahia possui o pior \u00edndice na aprendizagem de l\u00edngua portuguesa e matem\u00e1tica do Ensino M\u00e9dio do Brasil. A informa\u00e7\u00e3o foi divulgada nesta quarta-feira (14) no relat\u00f3rio do \u00cdndice de Desenvolvimento da Educa\u00e7\u00e3o B\u00e1sica (ldeb) 2023, publicado pelo Minist\u00e9rio da Educa\u00e7\u00e3o (MEC) e pelo Instituto Nacional de Estudos e Pesquisas Educacionais An\u00edsio Teixeira (Inep).<\/p>\n","protected":false},"author":2,"featured_media":53188,"comment_status":"open","ping_status":"open","sticky":false,"template":"","format":"standard","meta":{"om_disable_all_campaigns":false,"_monsterinsights_skip_tracking":false,"_monsterinsights_sitenote_active":false,"_monsterinsights_sitenote_note":"","_monsterinsights_sitenote_category":0,"footnotes":""},"categories":[33,70,69],"tags":[100,71,48,54,75,45,46,140,129,107,44,132,230,106,203,120,51,109,88,47,111,190],"class_list":["post-59742","post","type-post","status-publish","format-standard","has-post-thumbnail","hentry","category-bahia","category-destaques","category-noticias2","tag-adustina","tag-antas","tag-araci","tag-bahia","tag-cicero-dantas","tag-cipo","tag-crisopolis","tag-educacao","tag-euclides-da-cunha","tag-fatima","tag-heliopolis","tag-itapicuru","tag-jeremoabo","tag-nova-soure","tag-novo-triunfo","tag-olindina","tag-paripiranga","tag-quijingue","tag-ribeira-do-amparo","tag-ribeira-do-pombal","tag-sitio-do-quinto","tag-tucano"],"aioseo_notices":[],"_links":{"self":[{"href":"https:\/\/www.portalalerta.com.br\/index.php\/wp-json\/wp\/v2\/posts\/59742","targetHints":{"allow":["GET"]}}],"collection":[{"href":"https:\/\/www.portalalerta.com.br\/index.php\/wp-json\/wp\/v2\/posts"}],"about":[{"href":"https:\/\/www.portalalerta.com.br\/index.php\/wp-json\/wp\/v2\/types\/post"}],"author":[{"embeddable":true,"href":"https:\/\/www.portalalerta.com.br\/index.php\/wp-json\/wp\/v2\/users\/2"}],"replies":[{"embeddable":true,"href":"https:\/\/www.portalalerta.com.br\/index.php\/wp-json\/wp\/v2\/comments?post=59742"}],"version-history":[{"count":2,"href":"https:\/\/www.portalalerta.com.br\/index.php\/wp-json\/wp\/v2\/posts\/59742\/revisions"}],"predecessor-version":[{"id":59747,"href":"https:\/\/www.portalalerta.com.br\/index.php\/wp-json\/wp\/v2\/posts\/59742\/revisions\/59747"}],"wp:featuredmedia":[{"embeddable":true,"href":"https:\/\/www.portalalerta.com.br\/index.php\/wp-json\/wp\/v2\/media\/53188"}],"wp:attachment":[{"href":"https:\/\/www.portalalerta.com.br\/index.php\/wp-json\/wp\/v2\/media?parent=59742"}],"wp:term":[{"taxonomy":"category","embeddable":true,"href":"https:\/\/www.portalalerta.com.br\/index.php\/wp-json\/wp\/v2\/categories?post=59742"},{"taxonomy":"post_tag","embeddable":true,"href":"https:\/\/www.portalalerta.com.br\/index.php\/wp-json\/wp\/v2\/tags?post=59742"}],"curies":[{"name":"wp","href":"https:\/\/api.w.org\/{rel}","templated":true}]}}