{"id":59751,"date":"2024-08-15T12:06:12","date_gmt":"2024-08-15T15:06:12","guid":{"rendered":"https:\/\/www.portalalerta.com.br\/?p=59751"},"modified":"2024-08-15T15:50:38","modified_gmt":"2024-08-15T18:50:38","slug":"bailarina-russo-americana-que-doou-us-51-a-ucrania-e-condenada-a-12-anos-de-prisao","status":"publish","type":"post","link":"https:\/\/www.portalalerta.com.br\/index.php\/2024\/08\/15\/bailarina-russo-americana-que-doou-us-51-a-ucrania-e-condenada-a-12-anos-de-prisao\/","title":{"rendered":"Bailarina russo-americana que doou US$ 51 \u00e0 Ucr\u00e2nia \u00e9 condenada a 12 anos de pris\u00e3o"},"content":{"rendered":"\n<p>Ksenia Karelina foi considerada culpada de trai\u00e7\u00e3o; ela foi presa no in\u00edcio do ano quando foi visitar a fam\u00edlia<\/p>\n\n\n\n<!--more-->\n\n\n\n<p>Ksenia Karelina, uma bailarina russo-americana, foi condenada a 12 anos de pris\u00e3o nesta quinta-feira (15) por um tribunal russo depois de ser considerada culpada de trai\u00e7\u00e3o por ter doado dinheiro para uma institui\u00e7\u00e3o de caridade que apoia a\u00a0Ucr\u00e2nia.<\/p>\n\n\n<div class=\"wp-block-image\">\n<figure class=\"alignleft size-large is-resized\"><img decoding=\"async\" src=\"https:\/\/www.portalalerta.com.br\/wp-content\/uploads\/2024\/04\/autoescola-emprego-1024x1024.jpg\" alt=\"\" class=\"wp-image-55693\" width=\"-957\" height=\"-957\" srcset=\"https:\/\/www.portalalerta.com.br\/wp-content\/uploads\/2024\/04\/autoescola-emprego-1024x1024.jpg 1024w, https:\/\/www.portalalerta.com.br\/wp-content\/uploads\/2024\/04\/autoescola-emprego-240x240.jpg 240w, https:\/\/www.portalalerta.com.br\/wp-content\/uploads\/2024\/04\/autoescola-emprego-768x768.jpg 768w, https:\/\/www.portalalerta.com.br\/wp-content\/uploads\/2024\/04\/autoescola-emprego.jpg 1080w\" sizes=\"(max-width: 1024px) 100vw, 1024px\" \/><\/figure><\/div>\n\n\n<p>A residente de Los Angeles declarou-se culpada em seu julgamento fechado na cidade de Yekaterinburg, onde seu caso foi ouvido pelo mesmo tribunal que condenou o rep\u00f3rter do Wall Street Journal Evan Gershkovich por espionagem em julho.<\/p>\n\n\n\n<p>O tribunal disse que os investigadores descobriram que Karelina tinha, em 24 de fevereiro de 2022 \u2013 o primeiro dia da invas\u00e3o russa da Ucr\u00e2nia \u2013 \u201ctransferidos fundos no interesse de uma organiza\u00e7\u00e3o ucraniana, que foram posteriormente utilizados para a compra de artigos t\u00e1ticos m\u00e9dicos, equipamentos, meios de derrota e muni\u00e7\u00f5es pelas For\u00e7as Armadas da Ucr\u00e2nia.\u201d<\/p>\n\n\n\n<p>Seus apoiadores dizem que ela doou US$51,80 (R$283,32) para a Razom for Ukraine, uma institui\u00e7\u00e3o de caridade com sede em Nova York que fornece ajuda humanit\u00e1ria a crian\u00e7as e idosos na Ucr\u00e2nia. A institui\u00e7\u00e3o de caridade negou que forne\u00e7a qualquer apoio militar a Kiev.<\/p>\n\n\n\n<p>Karelina apareceu no tribunal nesta quinta-feira (15) usando uma camisola branca e jeans azul, sentada calmamente em uma gaiola de vidro da sala do tribunal.<\/p>\n\n\n\n<p>A mulher de 33 anos n\u00e3o foi inclu\u00edda em uma\u00a0grande troca de prisioneiros\u00a0entre a R\u00fassia e o Ocidente na semana passada, que libertou Gershkovich, mas seu advogado Mikhail Mushailov disse que espera ser inclu\u00edda em uma futura troca.<\/p>\n\n\n\n<p>Karelina nasceu na R\u00fassia e emigrou para os Estados Unidos em 2012, recebendo cidadania americana em 2021. Foi presa pelo servi\u00e7o de seguran\u00e7a da FSB depois de voar para a R\u00fassia para visitar sua fam\u00edlia em Yekaterinburg no in\u00edcio do ano.<\/p>\n\n\n\n<p><em>Fonte: CNN Brasil<\/em><\/p>\n","protected":false},"excerpt":{"rendered":"<p>Ksenia Karelina foi considerada culpada de trai\u00e7\u00e3o; ela foi presa no in\u00edcio do ano quando foi visitar a fam\u00edlia<\/p>\n","protected":false},"author":2,"featured_media":59748,"comment_status":"open","ping_status":"open","sticky":false,"template":"","format":"standard","meta":{"om_disable_all_campaigns":false,"_monsterinsights_skip_tracking":false,"_monsterinsights_sitenote_active":false,"_monsterinsights_sitenote_note":"","_monsterinsights_sitenote_category":0,"footnotes":""},"categories":[70,35,69],"tags":[100,71,48,75,4178,316,4180,148,129,107,4181,132,230,339,106,203,120,51,109,88,47,826,111,190,3331],"class_list":["post-59751","post","type-post","status-publish","format-standard","has-post-thumbnail","hentry","category-destaques","category-mundo","category-noticias2","tag-adustina","tag-antas","tag-araci","tag-cicero-dantas","tag-cipo-2","tag-condenacao","tag-crisopolis-2","tag-doacao","tag-euclides-da-cunha","tag-fatima","tag-heliopolis-2","tag-itapicuru","tag-jeremoabo","tag-mundo","tag-nova-soure","tag-novo-triunfo","tag-olindina","tag-paripiranga","tag-quijingue","tag-ribeira-do-amparo","tag-ribeira-do-pombal","tag-russia","tag-sitio-do-quinto","tag-tucano","tag-ucrania"],"aioseo_notices":[],"_links":{"self":[{"href":"https:\/\/www.portalalerta.com.br\/index.php\/wp-json\/wp\/v2\/posts\/59751","targetHints":{"allow":["GET"]}}],"collection":[{"href":"https:\/\/www.portalalerta.com.br\/index.php\/wp-json\/wp\/v2\/posts"}],"about":[{"href":"https:\/\/www.portalalerta.com.br\/index.php\/wp-json\/wp\/v2\/types\/post"}],"author":[{"embeddable":true,"href":"https:\/\/www.portalalerta.com.br\/index.php\/wp-json\/wp\/v2\/users\/2"}],"replies":[{"embeddable":true,"href":"https:\/\/www.portalalerta.com.br\/index.php\/wp-json\/wp\/v2\/comments?post=59751"}],"version-history":[{"count":2,"href":"https:\/\/www.portalalerta.com.br\/index.php\/wp-json\/wp\/v2\/posts\/59751\/revisions"}],"predecessor-version":[{"id":59765,"href":"https:\/\/www.portalalerta.com.br\/index.php\/wp-json\/wp\/v2\/posts\/59751\/revisions\/59765"}],"wp:featuredmedia":[{"embeddable":true,"href":"https:\/\/www.portalalerta.com.br\/index.php\/wp-json\/wp\/v2\/media\/59748"}],"wp:attachment":[{"href":"https:\/\/www.portalalerta.com.br\/index.php\/wp-json\/wp\/v2\/media?parent=59751"}],"wp:term":[{"taxonomy":"category","embeddable":true,"href":"https:\/\/www.portalalerta.com.br\/index.php\/wp-json\/wp\/v2\/categories?post=59751"},{"taxonomy":"post_tag","embeddable":true,"href":"https:\/\/www.portalalerta.com.br\/index.php\/wp-json\/wp\/v2\/tags?post=59751"}],"curies":[{"name":"wp","href":"https:\/\/api.w.org\/{rel}","templated":true}]}}