{"id":59753,"date":"2024-08-15T12:07:47","date_gmt":"2024-08-15T15:07:47","guid":{"rendered":"https:\/\/www.portalalerta.com.br\/?p=59753"},"modified":"2024-08-15T15:31:24","modified_gmt":"2024-08-15T18:31:24","slug":"homem-e-preso-com-arma-de-fogo-durante-evento-festivo-em-euclides-da-cunha-ba-2","status":"publish","type":"post","link":"https:\/\/www.portalalerta.com.br\/index.php\/2024\/08\/15\/homem-e-preso-com-arma-de-fogo-durante-evento-festivo-em-euclides-da-cunha-ba-2\/","title":{"rendered":"Homem \u00e9 preso com arma de fogo durante evento festivo em Euclides da Cunha-BA"},"content":{"rendered":"\n<p>Por volta de 0h10 da \u00faltima segunda-feira (12), policiais militares da Companhia de Emprego T\u00e1tico Operacional (CETO), se dirigiram at\u00e9 o povoado Curral Falso, em Euclides da Cunha-BA, com a finalidade de apurarem uma den\u00fancia de porte ilegal de arma de fogo.<\/p>\n\n\n\n<!--more-->\n\n\n<div class=\"wp-block-image\">\n<figure class=\"aligncenter size-large\"><img fetchpriority=\"high\" decoding=\"async\" width=\"1024\" height=\"348\" src=\"https:\/\/www.portalalerta.com.br\/wp-content\/uploads\/2024\/07\/Real-Diversao-2024-1024x348.jpg\" alt=\"\" class=\"wp-image-58229\" srcset=\"https:\/\/www.portalalerta.com.br\/wp-content\/uploads\/2024\/07\/Real-Diversao-2024-1024x348.jpg 1024w, https:\/\/www.portalalerta.com.br\/wp-content\/uploads\/2024\/07\/Real-Diversao-2024-706x240.jpg 706w, https:\/\/www.portalalerta.com.br\/wp-content\/uploads\/2024\/07\/Real-Diversao-2024-768x261.jpg 768w, https:\/\/www.portalalerta.com.br\/wp-content\/uploads\/2024\/07\/Real-Diversao-2024.jpg 1280w\" sizes=\"(max-width: 1024px) 100vw, 1024px\" \/><\/figure><\/div>\n\n\n<p>Assim que chegaram ao local indicado, onde estava acontecendo um evento festivo (cavalgada), os militares identificaram o suspeito, que ao perceber a presen\u00e7a policial, tentou esconder a arma, por\u00e9m sem sucesso. Com o rapaz cuja identidade foi preservada, os militares encontraram 01 rev\u00f3lver cal. 38 municiado, al\u00e9m de uma chave de um carro. Na ocasi\u00e3o, foi realizada busca no interior do ve\u00edculo, onde os policiais encontraram mais muni\u00e7\u00f5es do mesmo calibre.<\/p>\n\n\n\n<p>Tanto o abordado, quanto o material apreendido, foram conduzidos e apresentados na Delegacia de Pol\u00edcia Civil da cidade, para a ado\u00e7\u00e3o das medidas cab\u00edveis.<\/p>\n\n\n\n<p> <em>Reda\u00e7\u00e3o: Portal Alerta<\/em><br><br><\/p>\n","protected":false},"excerpt":{"rendered":"<p>Por volta de 0h10 da \u00faltima segunda-feira (12), policiais militares da Companhia de Emprego T\u00e1tico Operacional (CETO), se dirigiram at\u00e9 o povoado Curral Falso, em Euclides da Cunha-BA, com a finalidade de apurarem uma den\u00fancia de porte ilegal de arma de fogo.<\/p>\n","protected":false},"author":2,"featured_media":59749,"comment_status":"open","ping_status":"open","sticky":false,"template":"","format":"standard","meta":{"om_disable_all_campaigns":false,"_monsterinsights_skip_tracking":false,"_monsterinsights_sitenote_active":false,"_monsterinsights_sitenote_note":"","_monsterinsights_sitenote_category":0,"footnotes":""},"categories":[70,17,69,32,22],"tags":[387,100,71,48,409,75,4178,4180,129,107,4181,132,230,106,203,120,51,79,83,77,109,88,47,111],"class_list":["post-59753","post","type-post","status-publish","format-standard","has-post-thumbnail","hentry","category-destaques","category-euclides-da-cunha","category-noticias2","category-regiao","category-seguranca","tag-5o-bpm","tag-adustina","tag-antas","tag-araci","tag-ceto","tag-cicero-dantas","tag-cipo-2","tag-crisopolis-2","tag-euclides-da-cunha","tag-fatima","tag-heliopolis-2","tag-itapicuru","tag-jeremoabo","tag-nova-soure","tag-novo-triunfo","tag-olindina","tag-paripiranga","tag-policia-militar","tag-porte-ilegal-de-arma-de-fogo","tag-preso","tag-quijingue","tag-ribeira-do-amparo","tag-ribeira-do-pombal","tag-sitio-do-quinto"],"aioseo_notices":[],"_links":{"self":[{"href":"https:\/\/www.portalalerta.com.br\/index.php\/wp-json\/wp\/v2\/posts\/59753","targetHints":{"allow":["GET"]}}],"collection":[{"href":"https:\/\/www.portalalerta.com.br\/index.php\/wp-json\/wp\/v2\/posts"}],"about":[{"href":"https:\/\/www.portalalerta.com.br\/index.php\/wp-json\/wp\/v2\/types\/post"}],"author":[{"embeddable":true,"href":"https:\/\/www.portalalerta.com.br\/index.php\/wp-json\/wp\/v2\/users\/2"}],"replies":[{"embeddable":true,"href":"https:\/\/www.portalalerta.com.br\/index.php\/wp-json\/wp\/v2\/comments?post=59753"}],"version-history":[{"count":2,"href":"https:\/\/www.portalalerta.com.br\/index.php\/wp-json\/wp\/v2\/posts\/59753\/revisions"}],"predecessor-version":[{"id":59763,"href":"https:\/\/www.portalalerta.com.br\/index.php\/wp-json\/wp\/v2\/posts\/59753\/revisions\/59763"}],"wp:featuredmedia":[{"embeddable":true,"href":"https:\/\/www.portalalerta.com.br\/index.php\/wp-json\/wp\/v2\/media\/59749"}],"wp:attachment":[{"href":"https:\/\/www.portalalerta.com.br\/index.php\/wp-json\/wp\/v2\/media?parent=59753"}],"wp:term":[{"taxonomy":"category","embeddable":true,"href":"https:\/\/www.portalalerta.com.br\/index.php\/wp-json\/wp\/v2\/categories?post=59753"},{"taxonomy":"post_tag","embeddable":true,"href":"https:\/\/www.portalalerta.com.br\/index.php\/wp-json\/wp\/v2\/tags?post=59753"}],"curies":[{"name":"wp","href":"https:\/\/api.w.org\/{rel}","templated":true}]}}