{"id":59755,"date":"2024-08-15T12:13:35","date_gmt":"2024-08-15T15:13:35","guid":{"rendered":"https:\/\/www.portalalerta.com.br\/?p=59755"},"modified":"2024-08-15T15:29:59","modified_gmt":"2024-08-15T18:29:59","slug":"nao-ha-motivo-para-alarme-em-relacao-a-mpox-afirma-ministra-da-saude","status":"publish","type":"post","link":"https:\/\/www.portalalerta.com.br\/index.php\/2024\/08\/15\/nao-ha-motivo-para-alarme-em-relacao-a-mpox-afirma-ministra-da-saude\/","title":{"rendered":"N\u00e3o h\u00e1 motivo para alarme em rela\u00e7\u00e3o \u00e0 mpox, afirma ministra da Sa\u00fade"},"content":{"rendered":"\n<p>Declara\u00e7\u00e3o de N\u00edsia Trindade acontece ap\u00f3s OMS declarar emerg\u00eancia de sa\u00fade global para a doen\u00e7a<\/p>\n\n\n\n<!--more-->\n\n\n\n<p>A ministra da Sa\u00fade, N\u00edsia Trindade, afirmou nesta quarta-feira (14) que n\u00e3o h\u00e1 motivos para \u201calarme\u201d, mas sim para \u201calerta\u201d em rela\u00e7\u00e3o ao v\u00edrus mpox.<\/p>\n\n\n\n<p>\u201cNo momento, n\u00e3o h\u00e1 registro de uma grande preocupa\u00e7\u00e3o, mas v\u00e1rias medidas podem ser tomadas, como alertas para viajantes e uma s\u00e9rie de a\u00e7\u00f5es que devem ser feitas em situa\u00e7\u00f5es como esta\u201d, afirmou a ministra.<\/p>\n\n\n<div class=\"wp-block-image\">\n<figure class=\"alignleft size-large is-resized\"><img fetchpriority=\"high\" decoding=\"async\" src=\"https:\/\/www.portalalerta.com.br\/wp-content\/uploads\/2024\/04\/Sabino-Tijolo-576x1024.jpg\" alt=\"\" class=\"wp-image-56164\" width=\"389\" height=\"692\" srcset=\"https:\/\/www.portalalerta.com.br\/wp-content\/uploads\/2024\/04\/Sabino-Tijolo-576x1024.jpg 576w, https:\/\/www.portalalerta.com.br\/wp-content\/uploads\/2024\/04\/Sabino-Tijolo-135x240.jpg 135w, https:\/\/www.portalalerta.com.br\/wp-content\/uploads\/2024\/04\/Sabino-Tijolo.jpg 591w\" sizes=\"(max-width: 389px) 100vw, 389px\" \/><\/figure><\/div>\n\n\n<p>A fala ocorre ap\u00f3s&nbsp;<strong>a Organiza\u00e7\u00e3o Mundial da Sa\u00fade (OMS) declarar, nesta quarta-feira (14), a doen\u00e7a como uma emerg\u00eancia de sa\u00fade global<\/strong>&nbsp;em decorr\u00eancia do surto ocorrido na \u00c1frica.<\/p>\n\n\n\n<p>A decis\u00e3o foi tomada ap\u00f3s a\u00a0organiza\u00e7\u00e3o convocar seu comit\u00ea de emerg\u00eancia sobre mpox, devido a preocupa\u00e7\u00f5es de que uma cepa mais mortal do v\u00edrus, o clado Ib, tivesse atingido quatro prov\u00edncias da \u00c1frica anteriormente n\u00e3o afetadas.<\/p>\n\n\n\n<p>&nbsp;\u201cN\u00f3s vamos instituir um comit\u00ea de opera\u00e7\u00e3o de emerg\u00eancia envolvendo o Minist\u00e9rio da Sa\u00fade, a Anvisa e o Conselho Nacional de Secretarias Municipais de Sa\u00fade. J\u00e1 est\u00e1vamos acompanhando a situa\u00e7\u00e3o e tivemos uma reuni\u00e3o de especialistas h\u00e1 duas semanas, desde que os casos come\u00e7aram a surgir\u201d, complementou N\u00edsia.<\/p>\n\n\n\n<p>No ano passado, o Minist\u00e9rio da Sa\u00fade distribuiu 47 mil doses da vacina contra a mpox para grupos considerados priorit\u00e1rios em todos os estados e no Distrito Federal.<\/p>\n\n\n\n<p>Em rela\u00e7\u00e3o \u00e0s vacinas, N\u00edsia afirmou que inicialmente elas estavam direcionadas para um esfor\u00e7o de pesquisa,\u00a0como prepara\u00e7\u00e3o para uma eventual emerg\u00eancia. A ministra tamb\u00e9m disse que o Brasil deve estar preparado em caso de aumento na transmiss\u00e3o da doen\u00e7a.<\/p>\n\n\n\n<p>\u201cDevemos estar prontos para testes diagn\u00f3sticos e para a vacina\u00e7\u00e3o, que certamente n\u00e3o ser\u00e1 uma vacina\u00e7\u00e3o em massa, caso se fa\u00e7a necess\u00e1rio\u201d, finalizou a ministra.<\/p>\n\n\n\n<p><strong>O que \u00e9 mpox?<\/strong><\/p>\n\n\n\n<p>A mpox \u00e9 uma doen\u00e7a causada pelo mpox v\u00edrus, do g\u00eanero Orthopoxvirus e da fam\u00edlia Poxviridae. A transmiss\u00e3o do v\u00edrus para humanos ocorre por meio do contato com pessoas infectadas ou materiais contaminados com o v\u00edrus.<\/p>\n\n\n\n<p>A doen\u00e7a pode se espalhar por contato pr\u00f3ximo, como toque, beijo ou sexo, bem como por materiais contaminados como len\u00e7\u00f3is, roupas e agulhas,\u00a0segundo a OMS.<\/p>\n\n\n\n<p>Os principais sintomas s\u00e3o les\u00f5es na pele, que podem vir acompanhadas de febre, dor no corpo, dor de cabe\u00e7a, calafrios e fraqueza. De acordo com o Minist\u00e9rio da Sa\u00fade, o intervalo de tempo entre o primeiro contato com o v\u00edrus at\u00e9 o in\u00edcio dos sinais e sintomas da mpox varia de tr\u00eas a 16 dias, mas pode chegar a 21 dias.<\/p>\n\n\n\n<p>As les\u00f5es na pele podem ser planas ou levemente elevadas e s\u00e3o preenchidas por um l\u00edquido claro ou amarelado. Conforme a doen\u00e7a evolui, elas podem formar crostas, que secam e caem. As les\u00f5es podem se concentrar no rosto, na palma das m\u00e3os e na planta dos p\u00e9s, mas tamb\u00e9m podem surgir em outras partes do corpo, incluindo boca, olhos, \u00f3rg\u00e3os genitais e \u00e2nus.<\/p>\n\n\n\n<p><em>Fonte: CNN Brasil<\/em><\/p>\n","protected":false},"excerpt":{"rendered":"<p>Declara\u00e7\u00e3o de N\u00edsia Trindade acontece ap\u00f3s OMS declarar emerg\u00eancia de sa\u00fade global para a doen\u00e7a<\/p>\n","protected":false},"author":2,"featured_media":43240,"comment_status":"open","ping_status":"open","sticky":false,"template":"","format":"standard","meta":{"om_disable_all_campaigns":false,"_monsterinsights_skip_tracking":false,"_monsterinsights_sitenote_active":false,"_monsterinsights_sitenote_note":"","_monsterinsights_sitenote_category":0,"footnotes":""},"categories":[70,35,69,19],"tags":[100,71,48,93,75,4178,4180,129,107,4181,132,230,635,7209,339,106,203,120,51,109,88,47,111,190],"class_list":["post-59755","post","type-post","status-publish","format-standard","has-post-thumbnail","hentry","category-destaques","category-mundo","category-noticias2","category-saude","tag-adustina","tag-antas","tag-araci","tag-brasil","tag-cicero-dantas","tag-cipo-2","tag-crisopolis-2","tag-euclides-da-cunha","tag-fatima","tag-heliopolis-2","tag-itapicuru","tag-jeremoabo","tag-ministerio-da-saude","tag-mpox","tag-mundo","tag-nova-soure","tag-novo-triunfo","tag-olindina","tag-paripiranga","tag-quijingue","tag-ribeira-do-amparo","tag-ribeira-do-pombal","tag-sitio-do-quinto","tag-tucano"],"aioseo_notices":[],"_links":{"self":[{"href":"https:\/\/www.portalalerta.com.br\/index.php\/wp-json\/wp\/v2\/posts\/59755","targetHints":{"allow":["GET"]}}],"collection":[{"href":"https:\/\/www.portalalerta.com.br\/index.php\/wp-json\/wp\/v2\/posts"}],"about":[{"href":"https:\/\/www.portalalerta.com.br\/index.php\/wp-json\/wp\/v2\/types\/post"}],"author":[{"embeddable":true,"href":"https:\/\/www.portalalerta.com.br\/index.php\/wp-json\/wp\/v2\/users\/2"}],"replies":[{"embeddable":true,"href":"https:\/\/www.portalalerta.com.br\/index.php\/wp-json\/wp\/v2\/comments?post=59755"}],"version-history":[{"count":2,"href":"https:\/\/www.portalalerta.com.br\/index.php\/wp-json\/wp\/v2\/posts\/59755\/revisions"}],"predecessor-version":[{"id":59762,"href":"https:\/\/www.portalalerta.com.br\/index.php\/wp-json\/wp\/v2\/posts\/59755\/revisions\/59762"}],"wp:featuredmedia":[{"embeddable":true,"href":"https:\/\/www.portalalerta.com.br\/index.php\/wp-json\/wp\/v2\/media\/43240"}],"wp:attachment":[{"href":"https:\/\/www.portalalerta.com.br\/index.php\/wp-json\/wp\/v2\/media?parent=59755"}],"wp:term":[{"taxonomy":"category","embeddable":true,"href":"https:\/\/www.portalalerta.com.br\/index.php\/wp-json\/wp\/v2\/categories?post=59755"},{"taxonomy":"post_tag","embeddable":true,"href":"https:\/\/www.portalalerta.com.br\/index.php\/wp-json\/wp\/v2\/tags?post=59755"}],"curies":[{"name":"wp","href":"https:\/\/api.w.org\/{rel}","templated":true}]}}