{"id":59830,"date":"2024-08-15T20:22:46","date_gmt":"2024-08-15T23:22:46","guid":{"rendered":"https:\/\/www.portalalerta.com.br\/?p=59830"},"modified":"2024-08-15T22:48:40","modified_gmt":"2024-08-16T01:48:40","slug":"ribeira-do-pombal-registra-avancos-no-ideb","status":"publish","type":"post","link":"https:\/\/www.portalalerta.com.br\/index.php\/2024\/08\/15\/ribeira-do-pombal-registra-avancos-no-ideb\/","title":{"rendered":"Ribeira do Pombal Registra Avan\u00e7os no IDEB"},"content":{"rendered":"\n<p>Ribeira do Pombal alcan\u00e7ou novos patamares no \u00cdndice de Desenvolvimento da Educa\u00e7\u00e3o B\u00e1sica (IDEB). Nos anos iniciais do ensino fundamental, a cidade registrou um aumento de 5,5 para 5,8, enquanto nos anos finais o \u00edndice subiu de 4,4 para 5,2.<\/p>\n\n\n\n<!--more-->\n\n\n<div class=\"wp-block-image\">\n<figure class=\"alignleft size-large is-resized\"><img fetchpriority=\"high\" decoding=\"async\" src=\"https:\/\/www.portalalerta.com.br\/wp-content\/uploads\/2024\/04\/autoescola-emprego-1024x1024.jpg\" alt=\"\" class=\"wp-image-55693\" width=\"404\" height=\"404\" srcset=\"https:\/\/www.portalalerta.com.br\/wp-content\/uploads\/2024\/04\/autoescola-emprego-1024x1024.jpg 1024w, https:\/\/www.portalalerta.com.br\/wp-content\/uploads\/2024\/04\/autoescola-emprego-240x240.jpg 240w, https:\/\/www.portalalerta.com.br\/wp-content\/uploads\/2024\/04\/autoescola-emprego-768x768.jpg 768w, https:\/\/www.portalalerta.com.br\/wp-content\/uploads\/2024\/04\/autoescola-emprego.jpg 1080w\" sizes=\"(max-width: 404px) 100vw, 404px\" \/><\/figure><\/div>\n\n\n<p>Esses resultados refletem um progresso significativo na qualidade da educa\u00e7\u00e3o local. A cidade agora se destaca entre as que obtiveram melhores desempenhos no estado da Bahia, demonstrando um avan\u00e7o relevante no setor educacional.<\/p>\n\n\n\n<p>A melhoria nos \u00edndices do IDEB sugere que os esfor\u00e7os realizados nas \u00e1reas de capacita\u00e7\u00e3o docente e infraestrutura escolar est\u00e3o contribuindo para a evolu\u00e7\u00e3o do ensino em Ribeira do Pombal. Os dados indicam que a cidade est\u00e1 caminhando para oferecer uma educa\u00e7\u00e3o mais qualificada, alinhada \u00e0s metas educacionais estabelecidas.<\/p>\n\n\n\n<p><em>Fonte: Dia a Dia Nordeste<\/em><\/p>\n","protected":false},"excerpt":{"rendered":"<p>Ribeira do Pombal alcan\u00e7ou novos patamares no \u00cdndice de Desenvolvimento da Educa\u00e7\u00e3o B\u00e1sica (IDEB). Nos anos iniciais do ensino fundamental, a cidade registrou um aumento de 5,5 para 5,8, enquanto nos anos finais o \u00edndice subiu de 4,4 para 5,2.<\/p>\n","protected":false},"author":2,"featured_media":59829,"comment_status":"open","ping_status":"open","sticky":false,"template":"","format":"standard","meta":{"om_disable_all_campaigns":false,"_monsterinsights_skip_tracking":false,"_monsterinsights_sitenote_active":false,"_monsterinsights_sitenote_note":"","_monsterinsights_sitenote_category":0,"footnotes":""},"categories":[70,20,69,32,3],"tags":[100,71,48,75,4178,4180,140,129,107,4181,1545,132,230,106,203,120,51,109,88,47,111],"class_list":["post-59830","post","type-post","status-publish","format-standard","has-post-thumbnail","hentry","category-destaques","category-educacao","category-noticias2","category-regiao","category-ribeira-do-pombal","tag-adustina","tag-antas","tag-araci","tag-cicero-dantas","tag-cipo-2","tag-crisopolis-2","tag-educacao","tag-euclides-da-cunha","tag-fatima","tag-heliopolis-2","tag-ideb","tag-itapicuru","tag-jeremoabo","tag-nova-soure","tag-novo-triunfo","tag-olindina","tag-paripiranga","tag-quijingue","tag-ribeira-do-amparo","tag-ribeira-do-pombal","tag-sitio-do-quinto"],"aioseo_notices":[],"_links":{"self":[{"href":"https:\/\/www.portalalerta.com.br\/index.php\/wp-json\/wp\/v2\/posts\/59830","targetHints":{"allow":["GET"]}}],"collection":[{"href":"https:\/\/www.portalalerta.com.br\/index.php\/wp-json\/wp\/v2\/posts"}],"about":[{"href":"https:\/\/www.portalalerta.com.br\/index.php\/wp-json\/wp\/v2\/types\/post"}],"author":[{"embeddable":true,"href":"https:\/\/www.portalalerta.com.br\/index.php\/wp-json\/wp\/v2\/users\/2"}],"replies":[{"embeddable":true,"href":"https:\/\/www.portalalerta.com.br\/index.php\/wp-json\/wp\/v2\/comments?post=59830"}],"version-history":[{"count":2,"href":"https:\/\/www.portalalerta.com.br\/index.php\/wp-json\/wp\/v2\/posts\/59830\/revisions"}],"predecessor-version":[{"id":59837,"href":"https:\/\/www.portalalerta.com.br\/index.php\/wp-json\/wp\/v2\/posts\/59830\/revisions\/59837"}],"wp:featuredmedia":[{"embeddable":true,"href":"https:\/\/www.portalalerta.com.br\/index.php\/wp-json\/wp\/v2\/media\/59829"}],"wp:attachment":[{"href":"https:\/\/www.portalalerta.com.br\/index.php\/wp-json\/wp\/v2\/media?parent=59830"}],"wp:term":[{"taxonomy":"category","embeddable":true,"href":"https:\/\/www.portalalerta.com.br\/index.php\/wp-json\/wp\/v2\/categories?post=59830"},{"taxonomy":"post_tag","embeddable":true,"href":"https:\/\/www.portalalerta.com.br\/index.php\/wp-json\/wp\/v2\/tags?post=59830"}],"curies":[{"name":"wp","href":"https:\/\/api.w.org\/{rel}","templated":true}]}}