{"id":59832,"date":"2024-08-15T20:26:26","date_gmt":"2024-08-15T23:26:26","guid":{"rendered":"https:\/\/www.portalalerta.com.br\/?p=59832"},"modified":"2024-08-15T22:49:48","modified_gmt":"2024-08-16T01:49:48","slug":"iml-conclui-identificacao-das-vitimas-do-acidente-aereo-em-vinhedo","status":"publish","type":"post","link":"https:\/\/www.portalalerta.com.br\/index.php\/2024\/08\/15\/iml-conclui-identificacao-das-vitimas-do-acidente-aereo-em-vinhedo\/","title":{"rendered":"IML conclui identifica\u00e7\u00e3o das v\u00edtimas do acidente a\u00e9reo em Vinhedo"},"content":{"rendered":"\n<p><strong>M\u00e9dicos usaram reconhecimento digital e hist\u00f3rico odontol\u00f3gico<\/strong><\/p>\n\n\n\n<!--more-->\n\n\n\n<p>O Instituto M\u00e9dico Legal de S\u00e3o Paulo informou, nesta quinta-feira (15), que identificou os corpos de todas as 62 v\u00edtimas do acidente a\u00e9reo com o avi\u00e3o da Voepass. A aeronave caiu na \u00faltima sexta-feira (9), em Vinhedo (SP), e n\u00e3o deixou sobreviventes. At\u00e9 o momento, 42 corpos foram liberados aos familiares.&nbsp;<\/p>\n\n\n<div class=\"wp-block-image\">\n<figure class=\"aligncenter size-large\"><img fetchpriority=\"high\" decoding=\"async\" width=\"1024\" height=\"348\" src=\"https:\/\/www.portalalerta.com.br\/wp-content\/uploads\/2024\/07\/Real-Diversao-2024-1024x348.jpg\" alt=\"\" class=\"wp-image-58229\" srcset=\"https:\/\/www.portalalerta.com.br\/wp-content\/uploads\/2024\/07\/Real-Diversao-2024-1024x348.jpg 1024w, https:\/\/www.portalalerta.com.br\/wp-content\/uploads\/2024\/07\/Real-Diversao-2024-706x240.jpg 706w, https:\/\/www.portalalerta.com.br\/wp-content\/uploads\/2024\/07\/Real-Diversao-2024-768x261.jpg 768w, https:\/\/www.portalalerta.com.br\/wp-content\/uploads\/2024\/07\/Real-Diversao-2024.jpg 1280w\" sizes=\"(max-width: 1024px) 100vw, 1024px\" \/><\/figure><\/div>\n\n\n<p>Segundo o IML, para identificar as v\u00edtimas, os m\u00e9dicos-legistas usaram o reconhecimento digital na maioria dos corpos, e, em alguns casos, o hist\u00f3rico odontol\u00f3gico. N\u00e3o foi preciso realizar exames de reconhecimento de comprova\u00e7\u00e3o biol\u00f3gica por meio de DNA.<\/p>\n\n\n\n<p>&#8220;Toda identifica\u00e7\u00e3o prescindiu do exame complementar de DNA, porque essa&nbsp;<em>expertise<\/em>&nbsp;propiciou que os dados de encontro pericial nos corpos fossem objetivamente comparados com os dados preexistentes, sejam planilhas datilosc\u00f3picas ou imagens radiol\u00f3gicas pr\u00e9vias que essas v\u00edtimas j\u00e1 possu\u00edam&#8221;, informou o superintendente da Pol\u00edcia T\u00e9cnico-Cient\u00edfica, Claudinei Salom\u00e3o.<\/p>\n\n\n\n<p>A identifica\u00e7\u00e3o das v\u00edtimas do acidente a\u00e9reo foi feita exclusivamente no IML Central de S\u00e3o Paulo por cerca de 40 profissionais entre m\u00e9dicos e equipes de odontologia legal, antropologia e radiologia, com apoio de equipes do Instituto de Identifica\u00e7\u00e3o Ricardo Gumbleton Daunt (IIRGD).&nbsp;<\/p>\n\n\n\n<p><em>Fonte: Ag\u00eanciaBrasil<\/em><\/p>\n","protected":false},"excerpt":{"rendered":"<p>M\u00e9dicos usaram reconhecimento digital e hist\u00f3rico odontol\u00f3gico<\/p>\n","protected":false},"author":2,"featured_media":59147,"comment_status":"open","ping_status":"open","sticky":false,"template":"","format":"standard","meta":{"om_disable_all_campaigns":false,"_monsterinsights_skip_tracking":false,"_monsterinsights_sitenote_active":false,"_monsterinsights_sitenote_note":"","_monsterinsights_sitenote_category":0,"footnotes":""},"categories":[34,70,69],"tags":[477,100,71,48,93,75,4178,4180,129,107,4181,346,132,230,106,203,120,51,109,88,47,111],"class_list":["post-59832","post","type-post","status-publish","format-standard","has-post-thumbnail","hentry","category-brasil","category-destaques","category-noticias2","tag-acidente-aereo","tag-adustina","tag-antas","tag-araci","tag-brasil","tag-cicero-dantas","tag-cipo-2","tag-crisopolis-2","tag-euclides-da-cunha","tag-fatima","tag-heliopolis-2","tag-iml","tag-itapicuru","tag-jeremoabo","tag-nova-soure","tag-novo-triunfo","tag-olindina","tag-paripiranga","tag-quijingue","tag-ribeira-do-amparo","tag-ribeira-do-pombal","tag-sitio-do-quinto"],"aioseo_notices":[],"_links":{"self":[{"href":"https:\/\/www.portalalerta.com.br\/index.php\/wp-json\/wp\/v2\/posts\/59832","targetHints":{"allow":["GET"]}}],"collection":[{"href":"https:\/\/www.portalalerta.com.br\/index.php\/wp-json\/wp\/v2\/posts"}],"about":[{"href":"https:\/\/www.portalalerta.com.br\/index.php\/wp-json\/wp\/v2\/types\/post"}],"author":[{"embeddable":true,"href":"https:\/\/www.portalalerta.com.br\/index.php\/wp-json\/wp\/v2\/users\/2"}],"replies":[{"embeddable":true,"href":"https:\/\/www.portalalerta.com.br\/index.php\/wp-json\/wp\/v2\/comments?post=59832"}],"version-history":[{"count":1,"href":"https:\/\/www.portalalerta.com.br\/index.php\/wp-json\/wp\/v2\/posts\/59832\/revisions"}],"predecessor-version":[{"id":59833,"href":"https:\/\/www.portalalerta.com.br\/index.php\/wp-json\/wp\/v2\/posts\/59832\/revisions\/59833"}],"wp:featuredmedia":[{"embeddable":true,"href":"https:\/\/www.portalalerta.com.br\/index.php\/wp-json\/wp\/v2\/media\/59147"}],"wp:attachment":[{"href":"https:\/\/www.portalalerta.com.br\/index.php\/wp-json\/wp\/v2\/media?parent=59832"}],"wp:term":[{"taxonomy":"category","embeddable":true,"href":"https:\/\/www.portalalerta.com.br\/index.php\/wp-json\/wp\/v2\/categories?post=59832"},{"taxonomy":"post_tag","embeddable":true,"href":"https:\/\/www.portalalerta.com.br\/index.php\/wp-json\/wp\/v2\/tags?post=59832"}],"curies":[{"name":"wp","href":"https:\/\/api.w.org\/{rel}","templated":true}]}}