{"id":59834,"date":"2024-08-15T22:53:31","date_gmt":"2024-08-16T01:53:31","guid":{"rendered":"https:\/\/www.portalalerta.com.br\/?p=59834"},"modified":"2024-08-15T22:53:33","modified_gmt":"2024-08-16T01:53:33","slug":"congresso-pede-para-stf-suspender-decisao-de-dino-que-travou-pagamento-de-emendas","status":"publish","type":"post","link":"https:\/\/www.portalalerta.com.br\/index.php\/2024\/08\/15\/congresso-pede-para-stf-suspender-decisao-de-dino-que-travou-pagamento-de-emendas\/","title":{"rendered":"Congresso pede para STF suspender decis\u00e3o de Dino que travou pagamento de emendas"},"content":{"rendered":"\n<p>Peti\u00e7\u00e3o \u00e9 assinada por deputados e senadores de 11 partidos<\/p>\n\n\n\n<!--more-->\n\n\n\n<p>A C\u00e2mara, o Senado e diversos partidos pol\u00edticos protocolaram nesta quinta-feira (15) uma pe\u00e7a que pede a suspens\u00e3o dos atos do ministro Fl\u00e1vio Dino, do Supremo Tribunal Federal (STF),\u00a0sobre emendas parlamentares.<\/p>\n\n\n\n<p>O pedido \u00e9 assinado pelas mesas diretoras das duas Casas e pelas seguintes legendas: PL, Uni\u00e3o Brasil, PP, PSD, PSB, Republicanos, Solidariedade, MDB, PSDB, PDT e, inclusive, PT, partido do presidente Luiz In\u00e1cio Lula da Silva.<\/p>\n\n\n<div class=\"wp-block-image\">\n<figure class=\"alignleft size-large is-resized\"><img fetchpriority=\"high\" decoding=\"async\" src=\"https:\/\/www.portalalerta.com.br\/wp-content\/uploads\/2024\/04\/autoescola-emprego-1024x1024.jpg\" alt=\"\" class=\"wp-image-55693\" width=\"395\" height=\"395\" srcset=\"https:\/\/www.portalalerta.com.br\/wp-content\/uploads\/2024\/04\/autoescola-emprego-1024x1024.jpg 1024w, https:\/\/www.portalalerta.com.br\/wp-content\/uploads\/2024\/04\/autoescola-emprego-240x240.jpg 240w, https:\/\/www.portalalerta.com.br\/wp-content\/uploads\/2024\/04\/autoescola-emprego-768x768.jpg 768w, https:\/\/www.portalalerta.com.br\/wp-content\/uploads\/2024\/04\/autoescola-emprego.jpg 1080w\" sizes=\"(max-width: 395px) 100vw, 395px\" \/><\/figure><\/div>\n\n\n<p>Na pe\u00e7a, os parlamentares questionam decis\u00f5es monocr\u00e1ticas proferidas por Dino. Nesta semana, o ministro determinou a suspens\u00e3o de todas as emendas impositivas apresentadas pelo Congresso ao Or\u00e7amento at\u00e9 que sejam criadas regras de transpar\u00eancia e rastreabilidade dos recursos.<\/p>\n\n\n\n<p>Al\u00e9m das emendas individuais, a decis\u00e3o tamb\u00e9m atinge as emendas de bancadas estaduais, que s\u00e3o coletivas. A determina\u00e7\u00e3o do magistrado ser\u00e1 analisada pelo plen\u00e1rio da Corte. A sess\u00e3o para julgar a liminar de Dino foi marcada para sexta-feira (16).<\/p>\n\n\n\n<p>Em nota, o Congresso e os partidos afirmam que \u201cas decis\u00f5es causam danos irrepar\u00e1veis \u00e0 economia p\u00fablica, \u00e0 sa\u00fade, \u00e0 seguran\u00e7a e \u00e0 pr\u00f3pria ordem jur\u00eddica, al\u00e9m de violar patentemente a separa\u00e7\u00e3o de Poderes.\u201d<\/p>\n\n\n\n<p>No comunicado, o Congresso tamb\u00e9m afirma que as decis\u00f5es de Dino representam uma \u201ctentativa de controle de atos concretos da administra\u00e7\u00e3o p\u00fablica e do Poder Legislativo\u201d.<\/p>\n\n\n\n<p>A peti\u00e7\u00e3o foi encaminhada ao presidente do Supremo Tribunal Federal (STF), Lu\u00eds Roberto Barroso. Os parlamentares afirmam que, como chefe da Suprema Corte, Barroso tem \u201cautoridade e legitimidade Constitucional para, em decis\u00e3o fundamentada, suspender a execu\u00e7\u00e3o de liminar em a\u00e7\u00f5es movidas contra o poder p\u00fablico\u201d.<\/p>\n\n\n\n<p>Conforme a\u00a0<strong>CNN<\/strong>\u00a0publicou, o presidente da C\u00e2mara, Arthur Lira (PP-AL),\u00a0conversou com Barroso por telefone na noite de quarta-feira (14). Segundo interlocutores, Lira pediu que o Supremo reconsidere a decis\u00e3o e ouviu de Barroso que a quest\u00e3o era ampla e ser\u00e1 decidida pelo plen\u00e1rio virtual.<\/p>\n\n\n\n<p><strong>Or\u00e7amento<\/strong><\/p>\n\n\n\n<p>Na \u00faltima semana, a Procuradoria-Geral da Rep\u00fablica (PGR) pediu que o STF declarasse as chamadas emendas Pix como inconstitucionais. Ap\u00f3s o pedido, o ministro Fl\u00e1vio Dino suspendeu as transfer\u00eancias e definiu a necessidade de transpar\u00eancia e maior controle como condicionante para a libera\u00e7\u00e3o das verbas. Em resposta, o Congresso apresentou recurso e pediu para o ministro reconsiderar a decis\u00e3o.<\/p>\n\n\n\n<p>As emendas Pix, questionadas no STF, s\u00e3o recursos com modalidade de \u201ctransfer\u00eancia especial\u201d direta para estados, Distrito Federal ou munic\u00edpios. Ou seja, n\u00e3o h\u00e1 necessidade de celebra\u00e7\u00e3o de conv\u00eanio ou instrumento do tipo para os repasses.<\/p>\n\n\n\n<p>No total, as emendas individuais somam cerca de R$ 25 bilh\u00f5es no Or\u00e7amento deste ano, que incluem as chamadas emendas Pix e demais repasses com finalidade definida.<\/p>\n\n\n\n<p>As emendas Pix somam cerca de R$ 8,2 bilh\u00f5es. De acordo com o Portal da Transpar\u00eancia do governo federal, a maioria dos recursos j\u00e1 foi empenhada (reservada), cerca de R$ 7,6 bilh\u00f5es. Desse montante, R$ 4,4 bilh\u00f5es j\u00e1 foram pagos.<\/p>\n\n\n\n<p><strong>Congresso x STF<\/strong><\/p>\n\n\n\n<p>Na ter\u00e7a-feira (13), Rodrigo Pacheco (PSD-MG), presidente do Congresso, disse que C\u00e2mara e Senado estudam uma alternativa. Ele afirmou que a mudan\u00e7a pode ser inclu\u00edda nos projetos da Lei de Diretrizes Or\u00e7ament\u00e1rias (LDO) ou na Lei Or\u00e7ament\u00e1ria Anual (LOA), que definem as regras do Or\u00e7amento. Ele descartou propor altera\u00e7\u00f5es por meio de uma proposta de emenda \u00e0 Constitui\u00e7\u00e3o.<\/p>\n\n\n\n<p>Ainda na ter\u00e7a-feira, Lira fez cr\u00edticas ao ato de Dino e afirmou que decis\u00f5es sobre emendas parlamentares n\u00e3o podem ser alteradas por atos monocr\u00e1ticos. A declara\u00e7\u00e3o foi feita ap\u00f3s um jantar em homenagem ao deputado em evento do Congresso Nacional das Santas Casas e Hospitais Filantr\u00f3picos.<\/p>\n\n\n\n<p>\u201cN\u00e3o podem mudar isso em um ato monocr\u00e1tico, por quaisquer que sejam os argumentos e raz\u00f5es, por mais que pare\u00e7am razo\u00e1veis\u201d, disse Lira.<\/p>\n\n\n\n<p><em>Fonte: CNN Brasil<\/em><\/p>\n","protected":false},"excerpt":{"rendered":"<p>Peti\u00e7\u00e3o \u00e9 assinada por deputados e senadores de 11 partidos<\/p>\n","protected":false},"author":2,"featured_media":56734,"comment_status":"open","ping_status":"open","sticky":false,"template":"","format":"standard","meta":{"om_disable_all_campaigns":false,"_monsterinsights_skip_tracking":false,"_monsterinsights_sitenote_active":false,"_monsterinsights_sitenote_note":"","_monsterinsights_sitenote_category":0,"footnotes":""},"categories":[34,70,69,21],"tags":[100,71,48,93,75,4178,234,4180,7109,129,107,5769,4181,132,230,106,203,120,51,109,88,47,111,216,190],"class_list":["post-59834","post","type-post","status-publish","format-standard","has-post-thumbnail","hentry","category-brasil","category-destaques","category-noticias2","category-politica","tag-adustina","tag-antas","tag-araci","tag-brasil","tag-cicero-dantas","tag-cipo-2","tag-congresso-nacional","tag-crisopolis-2","tag-emendas-pix","tag-euclides-da-cunha","tag-fatima","tag-flavio-dino","tag-heliopolis-2","tag-itapicuru","tag-jeremoabo","tag-nova-soure","tag-novo-triunfo","tag-olindina","tag-paripiranga","tag-quijingue","tag-ribeira-do-amparo","tag-ribeira-do-pombal","tag-sitio-do-quinto","tag-stf","tag-tucano"],"aioseo_notices":[],"_links":{"self":[{"href":"https:\/\/www.portalalerta.com.br\/index.php\/wp-json\/wp\/v2\/posts\/59834","targetHints":{"allow":["GET"]}}],"collection":[{"href":"https:\/\/www.portalalerta.com.br\/index.php\/wp-json\/wp\/v2\/posts"}],"about":[{"href":"https:\/\/www.portalalerta.com.br\/index.php\/wp-json\/wp\/v2\/types\/post"}],"author":[{"embeddable":true,"href":"https:\/\/www.portalalerta.com.br\/index.php\/wp-json\/wp\/v2\/users\/2"}],"replies":[{"embeddable":true,"href":"https:\/\/www.portalalerta.com.br\/index.php\/wp-json\/wp\/v2\/comments?post=59834"}],"version-history":[{"count":3,"href":"https:\/\/www.portalalerta.com.br\/index.php\/wp-json\/wp\/v2\/posts\/59834\/revisions"}],"predecessor-version":[{"id":59886,"href":"https:\/\/www.portalalerta.com.br\/index.php\/wp-json\/wp\/v2\/posts\/59834\/revisions\/59886"}],"wp:featuredmedia":[{"embeddable":true,"href":"https:\/\/www.portalalerta.com.br\/index.php\/wp-json\/wp\/v2\/media\/56734"}],"wp:attachment":[{"href":"https:\/\/www.portalalerta.com.br\/index.php\/wp-json\/wp\/v2\/media?parent=59834"}],"wp:term":[{"taxonomy":"category","embeddable":true,"href":"https:\/\/www.portalalerta.com.br\/index.php\/wp-json\/wp\/v2\/categories?post=59834"},{"taxonomy":"post_tag","embeddable":true,"href":"https:\/\/www.portalalerta.com.br\/index.php\/wp-json\/wp\/v2\/tags?post=59834"}],"curies":[{"name":"wp","href":"https:\/\/api.w.org\/{rel}","templated":true}]}}