{"id":59892,"date":"2024-08-16T21:30:54","date_gmt":"2024-08-17T00:30:54","guid":{"rendered":"https:\/\/www.portalalerta.com.br\/?p=59892"},"modified":"2024-08-17T23:17:52","modified_gmt":"2024-08-18T02:17:52","slug":"stf-decide-por-unanimidade-manter-decisoes-sobre-emendas-parlamentares","status":"publish","type":"post","link":"https:\/\/www.portalalerta.com.br\/index.php\/2024\/08\/16\/stf-decide-por-unanimidade-manter-decisoes-sobre-emendas-parlamentares\/","title":{"rendered":"STF decide por unanimidade manter decis\u00f5es sobre emendas parlamentares"},"content":{"rendered":"\n<p>Dez ministros seguiram o relator integralmente; Nunes Marques acompanhou o voto com ressalvas<\/p>\n\n\n\n<!--more-->\n\n\n\n<p>O Supremo Tribunal Federal (STF) decidiu, nesta sexta-feira (16), manter as decis\u00f5es do ministro Fl\u00e1vio Dino que estabeleceram regras de transpar\u00eancia e de rastreio dos recursos para a execu\u00e7\u00e3o de emendas parlamentares.<\/p>\n\n\n\n<p>Dino votou para validar suas decis\u00f5es. Ele foi acompanhado pelos ministros Andr\u00e9 Mendon\u00e7a, Edson Fachin, Cristiano Zanin, Alexandre de Moraes, Dias Toffoli, Luiz Fux, C\u00e1rmen L\u00facia, Gilmar Mendes e Lu\u00eds Roberto Barroso.<\/p>\n\n\n<div class=\"wp-block-image\">\n<figure class=\"aligncenter size-large\"><img fetchpriority=\"high\" decoding=\"async\" width=\"1024\" height=\"348\" src=\"https:\/\/www.portalalerta.com.br\/wp-content\/uploads\/2024\/07\/Real-Diversao-2024-1024x348.jpg\" alt=\"\" class=\"wp-image-58229\" srcset=\"https:\/\/www.portalalerta.com.br\/wp-content\/uploads\/2024\/07\/Real-Diversao-2024-1024x348.jpg 1024w, https:\/\/www.portalalerta.com.br\/wp-content\/uploads\/2024\/07\/Real-Diversao-2024-706x240.jpg 706w, https:\/\/www.portalalerta.com.br\/wp-content\/uploads\/2024\/07\/Real-Diversao-2024-768x261.jpg 768w, https:\/\/www.portalalerta.com.br\/wp-content\/uploads\/2024\/07\/Real-Diversao-2024.jpg 1280w\" sizes=\"(max-width: 1024px) 100vw, 1024px\" \/><\/figure><\/div>\n\n\n<p>O ministro Nunes Marques acompanhou o relator, com ressalvas. \u201cAcompanho a douta maioria quanto ao constante aperfei\u00e7oamento dos mecanismos de controle de destina\u00e7\u00e3o das verbas p\u00fablicas. Contudo, penso que tal transpar\u00eancia n\u00e3o pode significar, com as mais respeitosas v\u00eanias e entendimento diverso, desarmonia ao pacto federativo, nem reduzir a margem de discricionariedade na defini\u00e7\u00e3o das pol\u00edticas p\u00fablicas que \u00e9 da ess\u00eancia do Parlamento e da democracia\u201d, votou.<\/p>\n\n\n\n<p>Foram analisadas as determina\u00e7\u00f5es de Fl\u00e1vio Dino em processos que tratam das \u201cemendas Pix\u201d e das emendas impositivas (de execu\u00e7\u00e3o obrigat\u00f3ria pelo governo).<\/p>\n\n\n\n<p>A a\u00e7\u00f5es foram apresentadas pela Procuradoria-Geral da Rep\u00fablica (PGR), pela Associa\u00e7\u00e3o Brasileira de Jornalismo Investigativo (Abraji) e pelo PSOL.<\/p>\n\n\n\n<p>Nas duas primeiras, o ministro determinou o cumprimento de regras de transpar\u00eancia e mecanismos para permitir o rastreio e fiscaliza\u00e7\u00e3o das chamadas emendas Pix.<\/p>\n\n\n\n<p>O magistrado autorizou excepcionalmente a continuidade da execu\u00e7\u00e3o dessa modalidade de emenda para os casos de obras em andamento e de calamidade p\u00fablica.<\/p>\n\n\n\n<p>Dino ainda determinou que, daqui para frente, os congressistas s\u00f3 podem destinar emendas aos estados pelos quais foram eleitos, proibindo os repasses a outras unidades da federa\u00e7\u00e3o.<\/p>\n\n\n\n<p>J\u00e1 na a\u00e7\u00e3o do PSOL, o ministro suspendeu, na quarta-feira (14), a execu\u00e7\u00e3o das emendas impositivas, at\u00e9 que sejam criadas regras de transpar\u00eancia e rastreio dos recursos.<\/p>\n\n\n\n<p>Para esse tipo de emenda (impositiva), o magistrado citou um rol de exig\u00eancia a serem cumpridas, como a apresenta\u00e7\u00e3o pr\u00e9via de plano de trabalho, comprova\u00e7\u00e3o de que o gasto \u00e9 compat\u00edvel com a lei de diretrizes or\u00e7ament\u00e1rias e com o plano plurianual, al\u00e9m do cumprimento de regras de transpar\u00eancia que permitam o controle social do gasto p\u00fablico.<\/p>\n\n\n\n<p><em>Fonte: CNN Brasil<\/em><\/p>\n","protected":false},"excerpt":{"rendered":"<p>Dez ministros seguiram o relator integralmente; Nunes Marques acompanhou o voto com ressalvas<\/p>\n","protected":false},"author":2,"featured_media":5836,"comment_status":"open","ping_status":"open","sticky":false,"template":"","format":"standard","meta":{"om_disable_all_campaigns":false,"_monsterinsights_skip_tracking":false,"_monsterinsights_sitenote_active":false,"_monsterinsights_sitenote_note":"","_monsterinsights_sitenote_category":0,"footnotes":""},"categories":[34,70,69,21],"tags":[93,234,7109,199,216],"class_list":["post-59892","post","type-post","status-publish","format-standard","has-post-thumbnail","hentry","category-brasil","category-destaques","category-noticias2","category-politica","tag-brasil","tag-congresso-nacional","tag-emendas-pix","tag-politica","tag-stf"],"aioseo_notices":[],"_links":{"self":[{"href":"https:\/\/www.portalalerta.com.br\/index.php\/wp-json\/wp\/v2\/posts\/59892","targetHints":{"allow":["GET"]}}],"collection":[{"href":"https:\/\/www.portalalerta.com.br\/index.php\/wp-json\/wp\/v2\/posts"}],"about":[{"href":"https:\/\/www.portalalerta.com.br\/index.php\/wp-json\/wp\/v2\/types\/post"}],"author":[{"embeddable":true,"href":"https:\/\/www.portalalerta.com.br\/index.php\/wp-json\/wp\/v2\/users\/2"}],"replies":[{"embeddable":true,"href":"https:\/\/www.portalalerta.com.br\/index.php\/wp-json\/wp\/v2\/comments?post=59892"}],"version-history":[{"count":3,"href":"https:\/\/www.portalalerta.com.br\/index.php\/wp-json\/wp\/v2\/posts\/59892\/revisions"}],"predecessor-version":[{"id":59939,"href":"https:\/\/www.portalalerta.com.br\/index.php\/wp-json\/wp\/v2\/posts\/59892\/revisions\/59939"}],"wp:featuredmedia":[{"embeddable":true,"href":"https:\/\/www.portalalerta.com.br\/index.php\/wp-json\/wp\/v2\/media\/5836"}],"wp:attachment":[{"href":"https:\/\/www.portalalerta.com.br\/index.php\/wp-json\/wp\/v2\/media?parent=59892"}],"wp:term":[{"taxonomy":"category","embeddable":true,"href":"https:\/\/www.portalalerta.com.br\/index.php\/wp-json\/wp\/v2\/categories?post=59892"},{"taxonomy":"post_tag","embeddable":true,"href":"https:\/\/www.portalalerta.com.br\/index.php\/wp-json\/wp\/v2\/tags?post=59892"}],"curies":[{"name":"wp","href":"https:\/\/api.w.org\/{rel}","templated":true}]}}