{"id":59899,"date":"2024-08-17T15:29:38","date_gmt":"2024-08-17T18:29:38","guid":{"rendered":"https:\/\/www.portalalerta.com.br\/?p=59899"},"modified":"2024-08-17T23:15:11","modified_gmt":"2024-08-18T02:15:11","slug":"icone-da-televisao-brasileira-silvio-santos-morre-aos-93-anos","status":"publish","type":"post","link":"https:\/\/www.portalalerta.com.br\/index.php\/2024\/08\/17\/icone-da-televisao-brasileira-silvio-santos-morre-aos-93-anos\/","title":{"rendered":"\u00cdcone da televis\u00e3o brasileira, Silvio Santos morre aos 93 anos"},"content":{"rendered":"\n<p>Filho primog\u00eanito de um casal de imigrantes judeus sefarditas vindo para o Brasil em 1924, Silvio chegou \u00e0 televis\u00e3o na d\u00e9cada de 1960 e nela construiu um imp\u00e9rio<\/p>\n\n\n\n<!--more-->\n\n\n\n<p>Senor Abravanel &#8211; ou Silvio Santos, como era conhecido publicamente &#8211; morreu neste s\u00e1bado (17), em S\u00e3o Paulo. O apresentador de televis\u00e3o e empres\u00e1rio brasileiro tinha 93 anos e j\u00e1 havia sido internado no final de julho para tratar um quadro de Influenza A.&nbsp;<\/p>\n\n\n\n<p>Em comunicado oficial publicado nesta manh\u00e3, o SBT escreveu:&#8221;Hoje o c\u00e9u est\u00e1 alegre com a chegada do nosso amado Silvio Santos. Aquele sorriso largo e voz t\u00e3o familiar ser\u00e1 para sempre lembrada com muita gratid\u00e3o. Descansa em Paz que voc\u00ea sempre ser\u00e1 eterno em nossos cora\u00e7\u00f5es&#8221;.<\/p>\n\n\n\n<p>Carioca e dono de uma voz poderosa, Silvio Santos come\u00e7ou a trabalhar, aos 14 anos, como camel\u00f4, vendendo de carteirinhas de pl\u00e1stico para t\u00edtulo de eleitor a canetas. Foi nesta fun\u00e7\u00e3o que ele aprendeu a negociar, a expor sua voz e passou a frequentar os programas de audit\u00f3rio da R\u00e1dio Nacional. Foi tamb\u00e9m nesse per\u00edodo que o Abravanel foi substitu\u00eddo pelo Santos, isso porque, segundo o carioca, os santos o ajudavam.<\/p>\n\n\n\n<p>Filho primog\u00eanito de um casal de imigrantes judeus sefarditas vindo para o Brasil em 1924, Silvio chegou \u00e0 televis\u00e3o na d\u00e9cada de 1960, mas especificamente no Vamos Brincar de Forca, na TV Paulista, onde consolidou um estilo que unia shows, espet\u00e1culos e gincanas. Nos anos seguintes, criou o Programa Silvio Santos, que posteriormente migrou para a Tupi, em 1970. Foi s\u00f3 em 1981 que ele fundou a TVS, precursora do SBT. Em sua emissora, Silvio Santos se consolidou como uma das maiores personalidades da TV brasileira e se apropriou do segundo lugar de audi\u00eancia em todo o Brasil.<\/p>\n\n\n\n<p>De 1962 a 1977, ele foi casado com Maria Aparecida Vieira Abravanel, com quem teve as filhas C\u00edntia e Silvia Abravanel. Vi\u00favo, Silvio casou-se em 1978 com \u00cdris Abravanel, uni\u00e3o que gerou Daniela, Patr\u00edcia, Rebeca e Renata Abravanel.&nbsp;<\/p>\n\n\n\n<p><em>Fonte: Metro1<\/em><\/p>\n","protected":false},"excerpt":{"rendered":"<p>Filho primog\u00eanito de um casal de imigrantes judeus sefarditas vindo para o Brasil em 1924, Silvio chegou \u00e0 televis\u00e3o na d\u00e9cada de 1960 e nela construiu um imp\u00e9rio<\/p>\n","protected":false},"author":2,"featured_media":59898,"comment_status":"open","ping_status":"open","sticky":false,"template":"","format":"standard","meta":{"om_disable_all_campaigns":false,"_monsterinsights_skip_tracking":false,"_monsterinsights_sitenote_active":false,"_monsterinsights_sitenote_note":"","_monsterinsights_sitenote_category":0,"footnotes":""},"categories":[34,70,69],"tags":[93,169,7129],"class_list":["post-59899","post","type-post","status-publish","format-standard","has-post-thumbnail","hentry","category-brasil","category-destaques","category-noticias2","tag-brasil","tag-morte","tag-silvio-santos"],"aioseo_notices":[],"_links":{"self":[{"href":"https:\/\/www.portalalerta.com.br\/index.php\/wp-json\/wp\/v2\/posts\/59899","targetHints":{"allow":["GET"]}}],"collection":[{"href":"https:\/\/www.portalalerta.com.br\/index.php\/wp-json\/wp\/v2\/posts"}],"about":[{"href":"https:\/\/www.portalalerta.com.br\/index.php\/wp-json\/wp\/v2\/types\/post"}],"author":[{"embeddable":true,"href":"https:\/\/www.portalalerta.com.br\/index.php\/wp-json\/wp\/v2\/users\/2"}],"replies":[{"embeddable":true,"href":"https:\/\/www.portalalerta.com.br\/index.php\/wp-json\/wp\/v2\/comments?post=59899"}],"version-history":[{"count":1,"href":"https:\/\/www.portalalerta.com.br\/index.php\/wp-json\/wp\/v2\/posts\/59899\/revisions"}],"predecessor-version":[{"id":59900,"href":"https:\/\/www.portalalerta.com.br\/index.php\/wp-json\/wp\/v2\/posts\/59899\/revisions\/59900"}],"wp:featuredmedia":[{"embeddable":true,"href":"https:\/\/www.portalalerta.com.br\/index.php\/wp-json\/wp\/v2\/media\/59898"}],"wp:attachment":[{"href":"https:\/\/www.portalalerta.com.br\/index.php\/wp-json\/wp\/v2\/media?parent=59899"}],"wp:term":[{"taxonomy":"category","embeddable":true,"href":"https:\/\/www.portalalerta.com.br\/index.php\/wp-json\/wp\/v2\/categories?post=59899"},{"taxonomy":"post_tag","embeddable":true,"href":"https:\/\/www.portalalerta.com.br\/index.php\/wp-json\/wp\/v2\/tags?post=59899"}],"curies":[{"name":"wp","href":"https:\/\/api.w.org\/{rel}","templated":true}]}}