{"id":59915,"date":"2024-08-17T18:51:02","date_gmt":"2024-08-17T21:51:02","guid":{"rendered":"https:\/\/www.portalalerta.com.br\/?p=59915"},"modified":"2024-08-17T23:14:14","modified_gmt":"2024-08-18T02:14:14","slug":"renato-duque-ex-diretor-da-petrobras-e-preso-pela-policia-federal-neste-sabado","status":"publish","type":"post","link":"https:\/\/www.portalalerta.com.br\/index.php\/2024\/08\/17\/renato-duque-ex-diretor-da-petrobras-e-preso-pela-policia-federal-neste-sabado\/","title":{"rendered":"Renato Duque, ex-diretor da Petrobras, \u00e9 preso pela Pol\u00edcia Federal neste s\u00e1bado"},"content":{"rendered":"\n<p>Duque foi condenado pelos crimes de corrup\u00e7\u00e3o passiva, associa\u00e7\u00e3o criminosa e lavagem de dinheiro em um processo da Opera\u00e7\u00e3o Lava Jato<\/p>\n\n\n\n<!--more-->\n\n\n\n<p>O ex-diretor de servi\u00e7os da Petrobras, Renato Duque, de 69 anos, foi preso pela Pol\u00edcia Federal na manh\u00e3 deste s\u00e1bado (17) em endere\u00e7o em Niter\u00f3i, no Rio de Janeiro. Desde o dia 18 de julho, a Justi\u00e7a Federal de Curitiba havia expedido o mandado de pris\u00e3o dele e, at\u00e9 ent\u00e3o, Duque era considerado foragido.<\/p>\n\n\n\n<p>Com pena fixada em 39 anos, dois meses e 20 dias de pris\u00e3o em regime inicial fechado,&nbsp;Renato Duque foi condenado pelos crimes de corrup\u00e7\u00e3o passiva, associa\u00e7\u00e3o criminosa e lavagem de dinheiro em um processo da Opera\u00e7\u00e3o Lava Jato.<\/p>\n\n\n<div class=\"wp-block-image\">\n<figure class=\"alignleft size-large is-resized\"><img fetchpriority=\"high\" decoding=\"async\" src=\"https:\/\/www.portalalerta.com.br\/wp-content\/uploads\/2024\/04\/autoescola-emprego-1024x1024.jpg\" alt=\"\" class=\"wp-image-55693\" width=\"435\" height=\"435\" srcset=\"https:\/\/www.portalalerta.com.br\/wp-content\/uploads\/2024\/04\/autoescola-emprego-1024x1024.jpg 1024w, https:\/\/www.portalalerta.com.br\/wp-content\/uploads\/2024\/04\/autoescola-emprego-240x240.jpg 240w, https:\/\/www.portalalerta.com.br\/wp-content\/uploads\/2024\/04\/autoescola-emprego-768x768.jpg 768w, https:\/\/www.portalalerta.com.br\/wp-content\/uploads\/2024\/04\/autoescola-emprego.jpg 1080w\" sizes=\"(max-width: 435px) 100vw, 435px\" \/><\/figure><\/div>\n\n\n<p>Ainda em seu in\u00edcio, a Lava Jato colocou Duque no centro das investiga\u00e7\u00f5es que expunham um esquema de corrup\u00e7\u00e3o na diretoria de Servi\u00e7os da Petrobras, que era comandada por ele. Na \u00e9poca, o ent\u00e3o juiz Sergio Moro chegou a alegar inclusive pagamento de propina a funcion\u00e1rios da Petrobras, para fins de financiamento pol\u00edtico &#8211; um dos crimes que recaiu sobre Duque.&nbsp;<\/p>\n\n\n\n<p>Ao todo, Renato Duque foi condenado \u00e0 pris\u00e3o em pelo menos 12 processos na primeira inst\u00e2ncia. Em 2015 foi preso preventivamente, por\u00e9m foi solto seis anos depois, em 2020, para responder o processo em liberdade. A concess\u00e3o do benef\u00edcio foi feita sob o cumprimento de medidas restritivas, como uso de tornozeleira eletr\u00f4nica, entrega do passaporte e proibi\u00e7\u00e3o de manter contato com outros investigados na Lava Jato.<\/p>\n\n\n\n<p>Renato Duque foi encaminhado neste s\u00e1bado (17) ao sistema prisional do estado do Rio, onde, segundo a PF, permanecer\u00e1 \u00e0 disposi\u00e7\u00e3o da Justi\u00e7a.\u00a0<\/p>\n\n\n\n<p><em>Fonte: Metro1<\/em><\/p>\n","protected":false},"excerpt":{"rendered":"<p>Duque foi condenado pelos crimes de corrup\u00e7\u00e3o passiva, associa\u00e7\u00e3o criminosa e lavagem de dinheiro em um processo da Opera\u00e7\u00e3o Lava Jato<\/p>\n","protected":false},"author":2,"featured_media":58577,"comment_status":"open","ping_status":"open","sticky":false,"template":"","format":"standard","meta":{"om_disable_all_campaigns":false,"_monsterinsights_skip_tracking":false,"_monsterinsights_sitenote_active":false,"_monsterinsights_sitenote_note":"","_monsterinsights_sitenote_category":0,"footnotes":""},"categories":[34,70,69],"tags":[100,71,48,93,75,4178,4180,129,107,4181,132,230,106,203,120,51,79,77,109,7131,88,47,111,190],"class_list":["post-59915","post","type-post","status-publish","format-standard","has-post-thumbnail","hentry","category-brasil","category-destaques","category-noticias2","tag-adustina","tag-antas","tag-araci","tag-brasil","tag-cicero-dantas","tag-cipo-2","tag-crisopolis-2","tag-euclides-da-cunha","tag-fatima","tag-heliopolis-2","tag-itapicuru","tag-jeremoabo","tag-nova-soure","tag-novo-triunfo","tag-olindina","tag-paripiranga","tag-policia-militar","tag-preso","tag-quijingue","tag-renato-duque","tag-ribeira-do-amparo","tag-ribeira-do-pombal","tag-sitio-do-quinto","tag-tucano"],"aioseo_notices":[],"_links":{"self":[{"href":"https:\/\/www.portalalerta.com.br\/index.php\/wp-json\/wp\/v2\/posts\/59915","targetHints":{"allow":["GET"]}}],"collection":[{"href":"https:\/\/www.portalalerta.com.br\/index.php\/wp-json\/wp\/v2\/posts"}],"about":[{"href":"https:\/\/www.portalalerta.com.br\/index.php\/wp-json\/wp\/v2\/types\/post"}],"author":[{"embeddable":true,"href":"https:\/\/www.portalalerta.com.br\/index.php\/wp-json\/wp\/v2\/users\/2"}],"replies":[{"embeddable":true,"href":"https:\/\/www.portalalerta.com.br\/index.php\/wp-json\/wp\/v2\/comments?post=59915"}],"version-history":[{"count":3,"href":"https:\/\/www.portalalerta.com.br\/index.php\/wp-json\/wp\/v2\/posts\/59915\/revisions"}],"predecessor-version":[{"id":59937,"href":"https:\/\/www.portalalerta.com.br\/index.php\/wp-json\/wp\/v2\/posts\/59915\/revisions\/59937"}],"wp:featuredmedia":[{"embeddable":true,"href":"https:\/\/www.portalalerta.com.br\/index.php\/wp-json\/wp\/v2\/media\/58577"}],"wp:attachment":[{"href":"https:\/\/www.portalalerta.com.br\/index.php\/wp-json\/wp\/v2\/media?parent=59915"}],"wp:term":[{"taxonomy":"category","embeddable":true,"href":"https:\/\/www.portalalerta.com.br\/index.php\/wp-json\/wp\/v2\/categories?post=59915"},{"taxonomy":"post_tag","embeddable":true,"href":"https:\/\/www.portalalerta.com.br\/index.php\/wp-json\/wp\/v2\/tags?post=59915"}],"curies":[{"name":"wp","href":"https:\/\/api.w.org\/{rel}","templated":true}]}}