{"id":59952,"date":"2024-08-18T16:21:28","date_gmt":"2024-08-18T19:21:28","guid":{"rendered":"https:\/\/www.portalalerta.com.br\/?p=59952"},"modified":"2024-08-18T16:48:52","modified_gmt":"2024-08-18T19:48:52","slug":"x-encerra-operacoes-no-brasil-demite-funcionarios-e-culpa-moraes","status":"publish","type":"post","link":"https:\/\/www.portalalerta.com.br\/index.php\/2024\/08\/18\/x-encerra-operacoes-no-brasil-demite-funcionarios-e-culpa-moraes\/","title":{"rendered":"&#8220;X&#8221; encerra opera\u00e7\u00f5es no Brasil, demite funcion\u00e1rios e culpa Moraes"},"content":{"rendered":"\n<p>Decis\u00e3o ocorreu na manh\u00e3 deste s\u00e1bado (17)<\/p>\n\n\n\n<!--more-->\n\n\n\n<p>A rede social X, antigo Twitter, finalzou as opera\u00e7\u00f5es no Brasil. A empresa atribui a responsabilidade da decis\u00e3o ao ministro do STF Alexandre de Moraes, segundo nota. O fechamento das atividades foi anunciado aos fucion\u00e1rios neste s\u00e1bado (17).<\/p>\n\n\n\n<p>A rede social diz que seu servi\u00e7o continua dispon\u00edvel para a popula\u00e7\u00e3o do Brasil. A informa\u00e7\u00e3o \u00e9 que o fechamento das atividades foi anunciado neste s\u00e1bado \u00e0 equipe. A empresa afirma que Moraes amea\u00e7ou seu representante legal no pa\u00eds com pris\u00e3o na noite passada, caso n\u00e3o fosse cumprida uma &#8220;ordem de censura&#8221;. O STF informou que n\u00e3o se pronunciar\u00e1 sobre o assunto.<\/p>\n\n\n<div class=\"wp-block-image\">\n<figure class=\"aligncenter size-large\"><img fetchpriority=\"high\" decoding=\"async\" width=\"1024\" height=\"348\" src=\"https:\/\/www.portalalerta.com.br\/wp-content\/uploads\/2024\/07\/Real-Diversao-2024-1024x348.jpg\" alt=\"\" class=\"wp-image-58229\" srcset=\"https:\/\/www.portalalerta.com.br\/wp-content\/uploads\/2024\/07\/Real-Diversao-2024-1024x348.jpg 1024w, https:\/\/www.portalalerta.com.br\/wp-content\/uploads\/2024\/07\/Real-Diversao-2024-706x240.jpg 706w, https:\/\/www.portalalerta.com.br\/wp-content\/uploads\/2024\/07\/Real-Diversao-2024-768x261.jpg 768w, https:\/\/www.portalalerta.com.br\/wp-content\/uploads\/2024\/07\/Real-Diversao-2024.jpg 1280w\" sizes=\"(max-width: 1024px) 100vw, 1024px\" \/><\/figure><\/div>\n\n\n<p>O &#8220;X&#8221;&nbsp;divulgou a decis\u00e3o de Moraes, na qual o ministro relata ter ordenado o bloqueio de perfis investigados por pr\u00e1ticas criminosas, mas que a determina\u00e7\u00e3o n\u00e3o foi cumprida. Moraes tamb\u00e9m menciona dificuldades em estabelecer canais de comunica\u00e7\u00e3o com a administra\u00e7\u00e3o da empresa.<\/p>\n\n\n\n<p>Musk j\u00e1 fez uma s\u00e9rie de cr\u00edticas e ataques ao ministro.\u00a0Anteriormente, Moraes determinou a abertura de inqu\u00e9rito pela PF (Pol\u00edcia Federal) para apurar a conduta de Musk. Ele tamb\u00e9m incluiu o empres\u00e1rio como investigado no inqu\u00e9rito das mil\u00edcias digitais.<\/p>\n\n\n\n<p><em>Fonte: Metro1<\/em><\/p>\n","protected":false},"excerpt":{"rendered":"<p>Decis\u00e3o ocorreu na manh\u00e3 deste s\u00e1bado (17)<\/p>\n","protected":false},"author":2,"featured_media":59950,"comment_status":"open","ping_status":"open","sticky":false,"template":"","format":"standard","meta":{"om_disable_all_campaigns":false,"_monsterinsights_skip_tracking":false,"_monsterinsights_sitenote_active":false,"_monsterinsights_sitenote_note":"","_monsterinsights_sitenote_category":0,"footnotes":""},"categories":[34,70,35,69],"tags":[1173,93,6815,339,6816],"class_list":["post-59952","post","type-post","status-publish","format-standard","has-post-thumbnail","hentry","category-brasil","category-destaques","category-mundo","category-noticias2","tag-alexandre-de-moraes","tag-brasil","tag-elon-musk","tag-mundo","tag-x"],"aioseo_notices":[],"_links":{"self":[{"href":"https:\/\/www.portalalerta.com.br\/index.php\/wp-json\/wp\/v2\/posts\/59952","targetHints":{"allow":["GET"]}}],"collection":[{"href":"https:\/\/www.portalalerta.com.br\/index.php\/wp-json\/wp\/v2\/posts"}],"about":[{"href":"https:\/\/www.portalalerta.com.br\/index.php\/wp-json\/wp\/v2\/types\/post"}],"author":[{"embeddable":true,"href":"https:\/\/www.portalalerta.com.br\/index.php\/wp-json\/wp\/v2\/users\/2"}],"replies":[{"embeddable":true,"href":"https:\/\/www.portalalerta.com.br\/index.php\/wp-json\/wp\/v2\/comments?post=59952"}],"version-history":[{"count":2,"href":"https:\/\/www.portalalerta.com.br\/index.php\/wp-json\/wp\/v2\/posts\/59952\/revisions"}],"predecessor-version":[{"id":59964,"href":"https:\/\/www.portalalerta.com.br\/index.php\/wp-json\/wp\/v2\/posts\/59952\/revisions\/59964"}],"wp:featuredmedia":[{"embeddable":true,"href":"https:\/\/www.portalalerta.com.br\/index.php\/wp-json\/wp\/v2\/media\/59950"}],"wp:attachment":[{"href":"https:\/\/www.portalalerta.com.br\/index.php\/wp-json\/wp\/v2\/media?parent=59952"}],"wp:term":[{"taxonomy":"category","embeddable":true,"href":"https:\/\/www.portalalerta.com.br\/index.php\/wp-json\/wp\/v2\/categories?post=59952"},{"taxonomy":"post_tag","embeddable":true,"href":"https:\/\/www.portalalerta.com.br\/index.php\/wp-json\/wp\/v2\/tags?post=59952"}],"curies":[{"name":"wp","href":"https:\/\/api.w.org\/{rel}","templated":true}]}}