{"id":59958,"date":"2024-08-18T16:31:36","date_gmt":"2024-08-18T19:31:36","guid":{"rendered":"https:\/\/www.portalalerta.com.br\/?p=59958"},"modified":"2024-08-18T16:46:06","modified_gmt":"2024-08-18T19:46:06","slug":"corpo-de-silvio-santos-e-sepultado-com-a-presenca-de-familiares-e-amigos-famosos-saiba-quem-participou","status":"publish","type":"post","link":"https:\/\/www.portalalerta.com.br\/index.php\/2024\/08\/18\/corpo-de-silvio-santos-e-sepultado-com-a-presenca-de-familiares-e-amigos-famosos-saiba-quem-participou\/","title":{"rendered":"Corpo de Silvio Santos \u00e9 sepultado com a presen\u00e7a de familiares e amigos famosos; saiba quem participou"},"content":{"rendered":"\n<p>Cerim\u00f4nia aconteceu no Cemit\u00e9rio Israelita do Butant\u00e3, em S\u00e3o Paulo&nbsp;&nbsp;<\/p>\n\n\n\n<!--more-->\n\n\n\n<p>O corpo do apresentador\u00a0Silvio Santos\u00a0foi enterrado na manh\u00e3 deste domingo (18), com a presen\u00e7a de familiares e amigos famosos. A despedida aconteceu em uma cerim\u00f4nia fechada, no Cemit\u00e9rio Israelita do Butant\u00e3, em S\u00e3o Paulo. O corpo foi sepultado \u00e0s 8h50.<\/p>\n\n\n\n<p>Estiveram presentes no local as filhas de Silvio &#8211; incluindo Patr\u00edcia Abravanel e o marido, F\u00e1bio Faria. Daniela Beyruti, filha e sucessora de Silvio no comando do SBT, tamb\u00e9m esteve presente. O neto do apresentador, Tiago Abravanel, chegou ao local acompanhado do marido Fernando Poli.&nbsp;<\/p>\n\n\n\n<p>Entre os amigos famosos, estiveram presentes Celso Portiolli e C\u00e9sar Filho, que estava acompanhado da mulher, Elaine Mickely. O apresentador Carlos Alberto de N\u00f3brega tamb\u00e9m esteve no local.<\/p>\n\n\n\n<p>Silvio foi enterrado ao lado do irm\u00e3o, Leonel Abravanel, que morreu em 1982. A fam\u00edlia e o SBT explicam que a cerim\u00f4nia reservada era um desejo expresso por ele.<\/p>\n\n\n\n<p><strong><em>&#8220;Por muitas vezes, ao longo da vida, a medida que nosso pai ia ficando mais velho, ele ia expressando um desejo dele com rela\u00e7\u00e3o a sua partida: ele pediu para que assim que ele partisse, que lev\u00e1ssemos ele direto para o cemit\u00e9rio e fiz\u00e9ssemos uma cerim\u00f4nia judaica\u201d<\/em><\/strong>, afirma o comunicado.<\/p>\n\n\n\n<p>O enterro no juda\u00edsmo normalmente ocorre o mais r\u00e1pido poss\u00edvel, no mesmo dia. Como o empres\u00e1rio morreu no s\u00e1bado, em pleno shabat (dia de descanso), a despedida ficou para o dia seguinte.<\/p>\n\n\n\n<p>O corpo \u00e9 preparado por rabinos. O caix\u00e3o fica fechado logo ap\u00f3s a prepara\u00e7\u00e3o e \u00e9 depositado em uma cova e diretamente no solo. Todos s\u00e3o s\u00e3o convidados a jogar pelo menos tr\u00eas p\u00e1s de terra sobre o caix\u00e3o.<\/p>\n\n\n\n<p><em>Fonte: Bnews<\/em><\/p>\n","protected":false},"excerpt":{"rendered":"<p>Cerim\u00f4nia aconteceu no Cemit\u00e9rio Israelita do Butant\u00e3, em S\u00e3o Paulo&nbsp;&nbsp;<\/p>\n","protected":false},"author":2,"featured_media":59959,"comment_status":"open","ping_status":"open","sticky":false,"template":"","format":"standard","meta":{"om_disable_all_campaigns":false,"_monsterinsights_skip_tracking":false,"_monsterinsights_sitenote_active":false,"_monsterinsights_sitenote_note":"","_monsterinsights_sitenote_category":0,"footnotes":""},"categories":[34,70,69],"tags":[93,169,771,7129],"class_list":["post-59958","post","type-post","status-publish","format-standard","has-post-thumbnail","hentry","category-brasil","category-destaques","category-noticias2","tag-brasil","tag-morte","tag-sepultamento","tag-silvio-santos"],"aioseo_notices":[],"_links":{"self":[{"href":"https:\/\/www.portalalerta.com.br\/index.php\/wp-json\/wp\/v2\/posts\/59958","targetHints":{"allow":["GET"]}}],"collection":[{"href":"https:\/\/www.portalalerta.com.br\/index.php\/wp-json\/wp\/v2\/posts"}],"about":[{"href":"https:\/\/www.portalalerta.com.br\/index.php\/wp-json\/wp\/v2\/types\/post"}],"author":[{"embeddable":true,"href":"https:\/\/www.portalalerta.com.br\/index.php\/wp-json\/wp\/v2\/users\/2"}],"replies":[{"embeddable":true,"href":"https:\/\/www.portalalerta.com.br\/index.php\/wp-json\/wp\/v2\/comments?post=59958"}],"version-history":[{"count":2,"href":"https:\/\/www.portalalerta.com.br\/index.php\/wp-json\/wp\/v2\/posts\/59958\/revisions"}],"predecessor-version":[{"id":59962,"href":"https:\/\/www.portalalerta.com.br\/index.php\/wp-json\/wp\/v2\/posts\/59958\/revisions\/59962"}],"wp:featuredmedia":[{"embeddable":true,"href":"https:\/\/www.portalalerta.com.br\/index.php\/wp-json\/wp\/v2\/media\/59959"}],"wp:attachment":[{"href":"https:\/\/www.portalalerta.com.br\/index.php\/wp-json\/wp\/v2\/media?parent=59958"}],"wp:term":[{"taxonomy":"category","embeddable":true,"href":"https:\/\/www.portalalerta.com.br\/index.php\/wp-json\/wp\/v2\/categories?post=59958"},{"taxonomy":"post_tag","embeddable":true,"href":"https:\/\/www.portalalerta.com.br\/index.php\/wp-json\/wp\/v2\/tags?post=59958"}],"curies":[{"name":"wp","href":"https:\/\/api.w.org\/{rel}","templated":true}]}}