{"id":59971,"date":"2024-08-19T07:00:00","date_gmt":"2024-08-19T10:00:00","guid":{"rendered":"https:\/\/www.portalalerta.com.br\/?p=59971"},"modified":"2024-08-19T02:20:03","modified_gmt":"2024-08-19T05:20:03","slug":"adustina-banzae-e-ribeira-do-pombal-sao-destaques-no-ideb","status":"publish","type":"post","link":"https:\/\/www.portalalerta.com.br\/index.php\/2024\/08\/19\/adustina-banzae-e-ribeira-do-pombal-sao-destaques-no-ideb\/","title":{"rendered":"Adustina, Banza\u00ea e Ribeira do Pombal s\u00e3o destaques no IDEB"},"content":{"rendered":"\n<p><a href=\"https:\/\/blogger.googleusercontent.com\/img\/b\/R29vZ2xl\/AVvXsEjLuTy8NfWvgz0v5S5JuzVcFQpa3IdU8hDy592nMBITOoR2vgScZCi3tebTKapAOtXfv1_Y5CnNVuiHR1JwCXDRnFkOwAIqhXLSe7WfeqmfD7njdsga52HW0SZ2-cFhA7nydqyHTj1dV9ezsBmSR_pApXGCCSyWFHgAX6HO4iGuoaeiEN-rUSmVucvxG2A\/s1114\/corteideb.jfif\"><\/a><\/p>\n\n\n\n<p>Na \u00faltima quarta-feira (14), o Minist\u00e9rio da Educa\u00e7\u00e3o (MEC) e o Instituto Nacional de Estudos e Pesquisas Educacionais An\u00edsio Teixeira (Inep) divulgaram os resultados do \u00cdndice de Desenvolvimento da Educa\u00e7\u00e3o B\u00e1sica (Ideb) de 2023.<\/p>\n\n\n\n<!--more-->\n\n\n<div class=\"wp-block-image\">\n<figure class=\"aligncenter size-large\"><img fetchpriority=\"high\" decoding=\"async\" width=\"1024\" height=\"348\" src=\"https:\/\/www.portalalerta.com.br\/wp-content\/uploads\/2024\/07\/Real-Diversao-2024-1024x348.jpg\" alt=\"\" class=\"wp-image-58229\" srcset=\"https:\/\/www.portalalerta.com.br\/wp-content\/uploads\/2024\/07\/Real-Diversao-2024-1024x348.jpg 1024w, https:\/\/www.portalalerta.com.br\/wp-content\/uploads\/2024\/07\/Real-Diversao-2024-706x240.jpg 706w, https:\/\/www.portalalerta.com.br\/wp-content\/uploads\/2024\/07\/Real-Diversao-2024-768x261.jpg 768w, https:\/\/www.portalalerta.com.br\/wp-content\/uploads\/2024\/07\/Real-Diversao-2024.jpg 1280w\" sizes=\"(max-width: 1024px) 100vw, 1024px\" \/><\/figure><\/div>\n\n\n<p><strong>Munic\u00edpios do Semi\u00e1rido Nordeste II<\/strong><\/p>\n\n\n\n<p><strong>IDEB de Ribeira do Pombal ano 2023, segundo o MEC:<\/strong> Anos Inicias nota 5,8; Anos Finais nota 5,2.<\/p>\n\n\n\n<p><strong>A n\u00edvel do Semi\u00e1rido Nordeste II<\/strong> Anos Inicias ficou em 3\u00b0 lugar; Anos Finais ficou em 2\u00b0 lugar. A n\u00edvel do Estado da Bahia: Anos Inicias em 18\u00b0 lugar; Anos Finais ficou em 7\u00b0 lugar.<\/p>\n\n\n<div class=\"wp-block-image\">\n<figure class=\"aligncenter size-full\"><img decoding=\"async\" width=\"319\" height=\"320\" src=\"https:\/\/www.portalalerta.com.br\/wp-content\/uploads\/2024\/08\/ideb-regiao.jpg\" alt=\"\" class=\"wp-image-60051\" srcset=\"https:\/\/www.portalalerta.com.br\/wp-content\/uploads\/2024\/08\/ideb-regiao.jpg 319w, https:\/\/www.portalalerta.com.br\/wp-content\/uploads\/2024\/08\/ideb-regiao-239x240.jpg 239w\" sizes=\"(max-width: 319px) 100vw, 319px\" \/><\/figure><\/div>\n\n\n<p><em>Fonte: Pesquisa do Jo\u00edlson Costa<\/em><\/p>\n","protected":false},"excerpt":{"rendered":"<p>Na \u00faltima quarta-feira (14), o Minist\u00e9rio da Educa\u00e7\u00e3o (MEC) e o Instituto Nacional de Estudos e Pesquisas Educacionais An\u00edsio Teixeira (Inep) divulgaram os resultados do \u00cdndice de Desenvolvimento da Educa\u00e7\u00e3o B\u00e1sica (Ideb) de 2023.<\/p>\n","protected":false},"author":2,"featured_media":59829,"comment_status":"open","ping_status":"open","sticky":false,"template":"","format":"standard","meta":{"om_disable_all_campaigns":false,"_monsterinsights_skip_tracking":false,"_monsterinsights_sitenote_active":false,"_monsterinsights_sitenote_note":"","_monsterinsights_sitenote_category":0,"footnotes":""},"categories":[40,39,70,20,69,32,3],"tags":[100,71,48,75,4178,4180,140,129,107,4181,1545,132,230,106,203,120,51,109,88,47,111,190],"class_list":["post-59971","post","type-post","status-publish","format-standard","has-post-thumbnail","hentry","category-adustina","category-banzae","category-destaques","category-educacao","category-noticias2","category-regiao","category-ribeira-do-pombal","tag-adustina","tag-antas","tag-araci","tag-cicero-dantas","tag-cipo-2","tag-crisopolis-2","tag-educacao","tag-euclides-da-cunha","tag-fatima","tag-heliopolis-2","tag-ideb","tag-itapicuru","tag-jeremoabo","tag-nova-soure","tag-novo-triunfo","tag-olindina","tag-paripiranga","tag-quijingue","tag-ribeira-do-amparo","tag-ribeira-do-pombal","tag-sitio-do-quinto","tag-tucano"],"aioseo_notices":[],"_links":{"self":[{"href":"https:\/\/www.portalalerta.com.br\/index.php\/wp-json\/wp\/v2\/posts\/59971","targetHints":{"allow":["GET"]}}],"collection":[{"href":"https:\/\/www.portalalerta.com.br\/index.php\/wp-json\/wp\/v2\/posts"}],"about":[{"href":"https:\/\/www.portalalerta.com.br\/index.php\/wp-json\/wp\/v2\/types\/post"}],"author":[{"embeddable":true,"href":"https:\/\/www.portalalerta.com.br\/index.php\/wp-json\/wp\/v2\/users\/2"}],"replies":[{"embeddable":true,"href":"https:\/\/www.portalalerta.com.br\/index.php\/wp-json\/wp\/v2\/comments?post=59971"}],"version-history":[{"count":2,"href":"https:\/\/www.portalalerta.com.br\/index.php\/wp-json\/wp\/v2\/posts\/59971\/revisions"}],"predecessor-version":[{"id":60052,"href":"https:\/\/www.portalalerta.com.br\/index.php\/wp-json\/wp\/v2\/posts\/59971\/revisions\/60052"}],"wp:featuredmedia":[{"embeddable":true,"href":"https:\/\/www.portalalerta.com.br\/index.php\/wp-json\/wp\/v2\/media\/59829"}],"wp:attachment":[{"href":"https:\/\/www.portalalerta.com.br\/index.php\/wp-json\/wp\/v2\/media?parent=59971"}],"wp:term":[{"taxonomy":"category","embeddable":true,"href":"https:\/\/www.portalalerta.com.br\/index.php\/wp-json\/wp\/v2\/categories?post=59971"},{"taxonomy":"post_tag","embeddable":true,"href":"https:\/\/www.portalalerta.com.br\/index.php\/wp-json\/wp\/v2\/tags?post=59971"}],"curies":[{"name":"wp","href":"https:\/\/api.w.org\/{rel}","templated":true}]}}