{"id":59975,"date":"2024-08-19T07:01:00","date_gmt":"2024-08-19T10:01:00","guid":{"rendered":"https:\/\/www.portalalerta.com.br\/?p=59975"},"modified":"2024-08-19T02:17:40","modified_gmt":"2024-08-19T05:17:40","slug":"crianca-de-tres-anos-morre-ao-cair-do-7-andar-em-salvador","status":"publish","type":"post","link":"https:\/\/www.portalalerta.com.br\/index.php\/2024\/08\/19\/crianca-de-tres-anos-morre-ao-cair-do-7-andar-em-salvador\/","title":{"rendered":"Crian\u00e7a de tr\u00eas anos morre ao cair do 7\u00b0 andar em Salvador"},"content":{"rendered":"\n<p>Segundo testemunhas, o acidente foi resultado da remo\u00e7\u00e3o das telas de seguran\u00e7a dos apartamentos para uma reforma na fachada do edif\u00edcio<\/p>\n\n\n\n<!--more-->\n\n\n<div class=\"wp-block-image\">\n<figure class=\"alignleft size-large is-resized\"><img fetchpriority=\"high\" decoding=\"async\" src=\"https:\/\/www.portalalerta.com.br\/wp-content\/uploads\/2024\/04\/Sabino-Tijolo-576x1024.jpg\" alt=\"\" class=\"wp-image-56164\" width=\"394\" height=\"701\" srcset=\"https:\/\/www.portalalerta.com.br\/wp-content\/uploads\/2024\/04\/Sabino-Tijolo-576x1024.jpg 576w, https:\/\/www.portalalerta.com.br\/wp-content\/uploads\/2024\/04\/Sabino-Tijolo-135x240.jpg 135w, https:\/\/www.portalalerta.com.br\/wp-content\/uploads\/2024\/04\/Sabino-Tijolo.jpg 591w\" sizes=\"(max-width: 394px) 100vw, 394px\" \/><\/figure><\/div>\n\n\n<p>Uma crian\u00e7a de tr\u00eas anos morreu ap\u00f3s cair do s\u00e9timo andar do pr\u00e9dio onde morava, no bairro de Brotas, em Salvador, na noite desta sexta-feira (16). De acordo com testemunhas, o acidente foi resultado da remo\u00e7\u00e3o das telas de seguran\u00e7a dos apartamentos para uma reforma na fachada do edif\u00edcio.&nbsp;<\/p>\n\n\n\n<p>Segundo informa\u00e7\u00f5es iniciais, Saori Dantas teria se apoiado em um m\u00f3vel pr\u00f3ximo \u00e0 janela do quarto, quando caiu na \u00e1rea de entrada da garagem do pr\u00e9dio. Acredita-se que no momento da queda a m\u00e3e e a av\u00f3 da crian\u00e7a estavam no apartamento. A fam\u00edlia foi ouvida pela Pol\u00edcia Militar.<\/p>\n\n\n\n<p>O Corpo de Bombeiros e tr\u00eas ambul\u00e2ncias do Servi\u00e7o de Atendimento M\u00f3vel de Urg\u00eancia (Samu) se deslocaram para socorrer a crian\u00e7a. Por\u00e9m, &nbsp;os bombeiros afirmam que Saori n\u00e3o resistiu e morreu ainda no local.<\/p>\n\n\n\n<p>O porteiro do pr\u00e9dio se negou a falar com a imprensa e disse ter sido proibido de dar entrevista pelo s\u00edndico do pr\u00e9dio. A Pol\u00edcia Civil espera que laudos do Departamento de Pol\u00edcia T\u00e9cnica (DPT) e depoimento de familiares colaborem para o esclarecimento do caso.<\/p>\n","protected":false},"excerpt":{"rendered":"<p>Segundo testemunhas, o acidente foi resultado da remo\u00e7\u00e3o das telas de seguran\u00e7a dos apartamentos para uma reforma na fachada do edif\u00edcio<\/p>\n","protected":false},"author":2,"featured_media":59970,"comment_status":"open","ping_status":"open","sticky":false,"template":"","format":"standard","meta":{"om_disable_all_campaigns":false,"_monsterinsights_skip_tracking":false,"_monsterinsights_sitenote_active":false,"_monsterinsights_sitenote_note":"","_monsterinsights_sitenote_category":0,"footnotes":""},"categories":[33,70,69],"tags":[166,54,169,330],"class_list":["post-59975","post","type-post","status-publish","format-standard","has-post-thumbnail","hentry","category-bahia","category-destaques","category-noticias2","tag-acidente","tag-bahia","tag-morte","tag-salvador"],"aioseo_notices":[],"_links":{"self":[{"href":"https:\/\/www.portalalerta.com.br\/index.php\/wp-json\/wp\/v2\/posts\/59975","targetHints":{"allow":["GET"]}}],"collection":[{"href":"https:\/\/www.portalalerta.com.br\/index.php\/wp-json\/wp\/v2\/posts"}],"about":[{"href":"https:\/\/www.portalalerta.com.br\/index.php\/wp-json\/wp\/v2\/types\/post"}],"author":[{"embeddable":true,"href":"https:\/\/www.portalalerta.com.br\/index.php\/wp-json\/wp\/v2\/users\/2"}],"replies":[{"embeddable":true,"href":"https:\/\/www.portalalerta.com.br\/index.php\/wp-json\/wp\/v2\/comments?post=59975"}],"version-history":[{"count":1,"href":"https:\/\/www.portalalerta.com.br\/index.php\/wp-json\/wp\/v2\/posts\/59975\/revisions"}],"predecessor-version":[{"id":59977,"href":"https:\/\/www.portalalerta.com.br\/index.php\/wp-json\/wp\/v2\/posts\/59975\/revisions\/59977"}],"wp:featuredmedia":[{"embeddable":true,"href":"https:\/\/www.portalalerta.com.br\/index.php\/wp-json\/wp\/v2\/media\/59970"}],"wp:attachment":[{"href":"https:\/\/www.portalalerta.com.br\/index.php\/wp-json\/wp\/v2\/media?parent=59975"}],"wp:term":[{"taxonomy":"category","embeddable":true,"href":"https:\/\/www.portalalerta.com.br\/index.php\/wp-json\/wp\/v2\/categories?post=59975"},{"taxonomy":"post_tag","embeddable":true,"href":"https:\/\/www.portalalerta.com.br\/index.php\/wp-json\/wp\/v2\/tags?post=59975"}],"curies":[{"name":"wp","href":"https:\/\/api.w.org\/{rel}","templated":true}]}}