{"id":59978,"date":"2024-08-19T07:03:00","date_gmt":"2024-08-19T10:03:00","guid":{"rendered":"https:\/\/www.portalalerta.com.br\/?p=59978"},"modified":"2024-08-19T02:16:46","modified_gmt":"2024-08-19T05:16:46","slug":"bahia-tem-a-segunda-maior-taxa-de-desempregados-no-pais-aponta-ibge","status":"publish","type":"post","link":"https:\/\/www.portalalerta.com.br\/index.php\/2024\/08\/19\/bahia-tem-a-segunda-maior-taxa-de-desempregados-no-pais-aponta-ibge\/","title":{"rendered":"Bahia tem a segunda maior taxa de desempregados no pa\u00eds, aponta IBGE"},"content":{"rendered":"\n<p>Apesar da coloca\u00e7\u00e3o no ranking nacional, o&nbsp;n\u00famero representa uma queda em rela\u00e7\u00e3o aos primeiros tr\u00eas meses do ano e foi o menor para um 2\u00ba trimestre em uma d\u00e9cada, desde 2014, quando tinha sido de 10,2%.&nbsp;Agora, o indicador para o estado voltou a recuar ap\u00f3s ter crescido entre o 4\u00ba trimestre de 2023 e o 1\u00ba trimestre de 2024.<\/p>\n\n\n\n<!--more-->\n\n\n<div class=\"wp-block-image\">\n<figure class=\"alignleft size-large is-resized\"><img fetchpriority=\"high\" decoding=\"async\" src=\"https:\/\/www.portalalerta.com.br\/wp-content\/uploads\/2024\/04\/autoescola-emprego-1024x1024.jpg\" alt=\"\" class=\"wp-image-55693\" width=\"435\" height=\"435\" srcset=\"https:\/\/www.portalalerta.com.br\/wp-content\/uploads\/2024\/04\/autoescola-emprego-1024x1024.jpg 1024w, https:\/\/www.portalalerta.com.br\/wp-content\/uploads\/2024\/04\/autoescola-emprego-240x240.jpg 240w, https:\/\/www.portalalerta.com.br\/wp-content\/uploads\/2024\/04\/autoescola-emprego-768x768.jpg 768w, https:\/\/www.portalalerta.com.br\/wp-content\/uploads\/2024\/04\/autoescola-emprego.jpg 1080w\" sizes=\"(max-width: 435px) 100vw, 435px\" \/><\/figure><\/div>\n\n\n<p id=\"paragrafo-bhp3sd3mu7\">A taxa de desocupa\u00e7\u00e3o mede a propor\u00e7\u00e3o (em %) de pessoas de 14 anos ou mais de idade que est\u00e3o desocupadas (n\u00e3o trabalharam e procuraram trabalho) em rela\u00e7\u00e3o ao total de pessoas que est\u00e3o na for\u00e7a de trabalho, seja trabalhando (pessoas ocupadas) ou procurando (desocupadas).<\/p>\n\n\n\n<h2 class=\"wp-block-heading\" id=\"intertitulo-tk7szzrjhd\"><strong>Salvador e RMS<\/strong><\/h2>\n\n\n\n<p id=\"paragrafo-4wts8fk0ya\">J\u00e1 Salvador registrou, no segundo trimestre deste ano, uma taxa de desocupa\u00e7\u00e3o maior do que a do estado como um todo (15,0%), embora tenha apresentado queda frente ao trimestre anterior (quando havia sido de 16,2%) e ao 2\u00ba trimestre de 2023 (16,0%).<\/p>\n\n\n\n<p id=\"paragrafo-up6xtk91vg\">A capital baiana manteve a maior taxa de desocupa\u00e7\u00e3o entre as capitais brasileiras pelo quarto trimestre consecutivo. Na Regi\u00e3o Metropolitana de Salvador (RMS), a taxa de desocupa\u00e7\u00e3o ficou id\u00eantica \u00e0 da capital: 15,0% no 2\u00ba trimestre de 2024.<\/p>\n\n\n\n<p id=\"paragrafo-ypydcqpire\">O \u00edndice tamb\u00e9m foi o maior do pa\u00eds entre as regi\u00f5es metropolitanas das capitais, mesmo tendo mostrado queda frente ao trimestre anterior (quando havia sido de 16,7%) e ao 2\u00ba trimestre de 2023 (16,6%). <\/p>\n\n\n\n<p><em>Fonte: Pombal Not\u00edcias <\/em><\/p>\n","protected":false},"excerpt":{"rendered":"<p>Apesar da coloca\u00e7\u00e3o no ranking nacional, o&nbsp;n\u00famero representa uma queda em rela\u00e7\u00e3o aos primeiros tr\u00eas meses do ano e foi o menor para um 2\u00ba trimestre em uma d\u00e9cada, desde 2014, quando tinha sido de 10,2%.&nbsp;Agora, o indicador para o estado voltou a recuar ap\u00f3s ter crescido entre o 4\u00ba trimestre de 2023 e o &hellip;<\/p>\n","protected":false},"author":2,"featured_media":32379,"comment_status":"open","ping_status":"open","sticky":false,"template":"","format":"standard","meta":{"om_disable_all_campaigns":false,"_monsterinsights_skip_tracking":false,"_monsterinsights_sitenote_active":false,"_monsterinsights_sitenote_note":"","_monsterinsights_sitenote_category":0,"footnotes":""},"categories":[33,70,69],"tags":[54,93,793],"class_list":["post-59978","post","type-post","status-publish","format-standard","has-post-thumbnail","hentry","category-bahia","category-destaques","category-noticias2","tag-bahia","tag-brasil","tag-desemprego"],"aioseo_notices":[],"_links":{"self":[{"href":"https:\/\/www.portalalerta.com.br\/index.php\/wp-json\/wp\/v2\/posts\/59978","targetHints":{"allow":["GET"]}}],"collection":[{"href":"https:\/\/www.portalalerta.com.br\/index.php\/wp-json\/wp\/v2\/posts"}],"about":[{"href":"https:\/\/www.portalalerta.com.br\/index.php\/wp-json\/wp\/v2\/types\/post"}],"author":[{"embeddable":true,"href":"https:\/\/www.portalalerta.com.br\/index.php\/wp-json\/wp\/v2\/users\/2"}],"replies":[{"embeddable":true,"href":"https:\/\/www.portalalerta.com.br\/index.php\/wp-json\/wp\/v2\/comments?post=59978"}],"version-history":[{"count":2,"href":"https:\/\/www.portalalerta.com.br\/index.php\/wp-json\/wp\/v2\/posts\/59978\/revisions"}],"predecessor-version":[{"id":60048,"href":"https:\/\/www.portalalerta.com.br\/index.php\/wp-json\/wp\/v2\/posts\/59978\/revisions\/60048"}],"wp:featuredmedia":[{"embeddable":true,"href":"https:\/\/www.portalalerta.com.br\/index.php\/wp-json\/wp\/v2\/media\/32379"}],"wp:attachment":[{"href":"https:\/\/www.portalalerta.com.br\/index.php\/wp-json\/wp\/v2\/media?parent=59978"}],"wp:term":[{"taxonomy":"category","embeddable":true,"href":"https:\/\/www.portalalerta.com.br\/index.php\/wp-json\/wp\/v2\/categories?post=59978"},{"taxonomy":"post_tag","embeddable":true,"href":"https:\/\/www.portalalerta.com.br\/index.php\/wp-json\/wp\/v2\/tags?post=59978"}],"curies":[{"name":"wp","href":"https:\/\/api.w.org\/{rel}","templated":true}]}}