{"id":60043,"date":"2024-08-19T07:02:00","date_gmt":"2024-08-19T10:02:00","guid":{"rendered":"https:\/\/www.portalalerta.com.br\/?p=60043"},"modified":"2024-08-19T02:12:51","modified_gmt":"2024-08-19T05:12:51","slug":"mdb-pede-impugnacao-de-candidatura-de-vereadora-de-ribeira-do-amparo-ba","status":"publish","type":"post","link":"https:\/\/www.portalalerta.com.br\/index.php\/2024\/08\/19\/mdb-pede-impugnacao-de-candidatura-de-vereadora-de-ribeira-do-amparo-ba\/","title":{"rendered":"MDB pede impugna\u00e7\u00e3o de candidatura de vereadora de Ribeira do Amparo-BA"},"content":{"rendered":"\n<p>O Movimento Democr\u00e1tico Brasileiro (MDB) de Ribeira do Amparo-BA, ingressou com um pedido de impugna\u00e7\u00e3o da Candidatura da vereadora Eulina da Silva Amorim (PT), ap\u00f3s esta ter suas contas rejeitadas pelo Tribunal de Contas da Uni\u00e3o (TCU).<\/p>\n\n\n\n<!--more-->\n\n\n\n<p>Eulina teve o seu nome registrado para concorrer \u00e0 reelei\u00e7\u00e3o para uma vaga na C\u00e2mara de Vereadores, nas elei\u00e7\u00f5es 2024, no \u00faltimo dia 13, e no \u00faltimo s\u00e1bado (17), teve um pedido de impugna\u00e7\u00e3o da candidatura protocolado na 79\u00aa Zona Eleitoral.<\/p>\n\n\n\n<p>A a\u00e7\u00e3o foi motivada pela Rejei\u00e7\u00e3o das Contas pelo Tribunal de Contas da Uni\u00e3o em novembro do ano passado, em que julgou irregulares as contas do per\u00edodo entre 01\/06\/2007 e 31\/07\/2007, quando foi Secret\u00e1ria Municipal de Sa\u00fade. Al\u00e9m de Eulina, foram condenados pelo TCU: <strong>Josivaldo Ferreira da Silva, Mariv\u00e2nia dos Santos Silva, Marcello da Silva Brito e Rosev\u00e2nia Rodrigues de Souza.<\/strong> As irregularidades encontradas nas contas em quest\u00e3o da ent\u00e3o Secret\u00e1ria, chegam a um valor de R$ 90.973,55, entre os dias 23 e 27 de julho de 2007, pr\u00f3ximo ao fim da sua gest\u00e3o \u00e0 frente da Secretaria. Os valores que seriam do Fundo Nacional de Sa\u00fade, teriam sido gastos sem comprova\u00e7\u00e3o de despesas.<\/p>\n\n\n\n<p>O Ministro Weder de Oliveira, julgou as contas da ent\u00e3o Secret\u00e1ria, irregulares, \u00e0 Revelia, tendo em vista que a mesma n\u00e3o apresentou alega\u00e7\u00f5es de defesa. Al\u00e9m disso a atual vereadora foi condenada ao pagamento de uma multa no valor de R$ 25 mil.<\/p>\n\n\n\n<p>O MDB evoca a Lei Complementar 64\/90 que trata sobre a ilegibilidade destacando: <strong><em>\u201c&#8230;os que tiverem suas contas relativas ao exerc\u00edcio de cargos ou fun\u00e7\u00f5es p\u00fablicas rejeitadas por irregularidade insan\u00e1vel que configure ato doloso de improbidade administrativa, e por decis\u00e3o irrecorr\u00edvel do \u00f3rg\u00e3o competente&#8230;\u201d<\/em><\/strong><\/p>\n\n\n\n<p>Recentemente Eulina teve o seu nome envolvido numa den\u00fancia de poss\u00edvel Caixa 2, durante as \u00faltimas elei\u00e7\u00f5es municipais. Na ocasi\u00e3o, a den\u00fancia foi fundamentada numa Contabilidade encontrada numa Agenda que seria de propriedade da vereadora. O caso tamb\u00e9m foi levado ao conhecimento da Justi\u00e7a Eleitoral, que determinou o in\u00edcio das investiga\u00e7\u00f5es, para apurar qualquer eventual irregularidade financeira no \u00faltimo pleito. <strong><a href=\"https:\/\/www.portalalerta.com.br\/index.php\/2024\/08\/02\/justica-determina-que-policia-federal-investigue-denuncias-de-caixa-2-nas-eleicoes-2020-em-ribeira-do-amparo-ba\/\">Relembre<\/a><\/strong><\/p>\n\n\n\n<p><em>Reda\u00e7\u00e3o: Portal Alerta &nbsp;<\/em><\/p>\n","protected":false},"excerpt":{"rendered":"<p>O Movimento Democr\u00e1tico Brasileiro (MDB) de Ribeira do Amparo-BA, ingressou com um pedido de impugna\u00e7\u00e3o da Candidatura da vereadora Eulina da Silva Amorim (PT), ap\u00f3s esta ter suas contas rejeitadas pelo Tribunal de Contas da Uni\u00e3o (TCU).<\/p>\n","protected":false},"author":2,"featured_media":60044,"comment_status":"open","ping_status":"open","sticky":false,"template":"","format":"standard","meta":{"om_disable_all_campaigns":false,"_monsterinsights_skip_tracking":false,"_monsterinsights_sitenote_active":false,"_monsterinsights_sitenote_note":"","_monsterinsights_sitenote_category":0,"footnotes":""},"categories":[70,69,21,32,16],"tags":[100,71,48,75,4178,1066,4180,5695,129,7191,107,4181,3926,132,230,643,106,203,120,51,304,109,88,47,111,1317,190],"class_list":["post-60043","post","type-post","status-publish","format-standard","has-post-thumbnail","hentry","category-destaques","category-noticias2","category-politica","category-regiao","category-ribeira-do-amparo","tag-adustina","tag-antas","tag-araci","tag-cicero-dantas","tag-cipo-2","tag-contas-rejeitadas","tag-crisopolis-2","tag-eleicoes-2024","tag-euclides-da-cunha","tag-eulina-amorim","tag-fatima","tag-heliopolis-2","tag-impugnacao","tag-itapicuru","tag-jeremoabo","tag-mdb","tag-nova-soure","tag-novo-triunfo","tag-olindina","tag-paripiranga","tag-pt","tag-quijingue","tag-ribeira-do-amparo","tag-ribeira-do-pombal","tag-sitio-do-quinto","tag-tcu","tag-tucano"],"aioseo_notices":[],"_links":{"self":[{"href":"https:\/\/www.portalalerta.com.br\/index.php\/wp-json\/wp\/v2\/posts\/60043","targetHints":{"allow":["GET"]}}],"collection":[{"href":"https:\/\/www.portalalerta.com.br\/index.php\/wp-json\/wp\/v2\/posts"}],"about":[{"href":"https:\/\/www.portalalerta.com.br\/index.php\/wp-json\/wp\/v2\/types\/post"}],"author":[{"embeddable":true,"href":"https:\/\/www.portalalerta.com.br\/index.php\/wp-json\/wp\/v2\/users\/2"}],"replies":[{"embeddable":true,"href":"https:\/\/www.portalalerta.com.br\/index.php\/wp-json\/wp\/v2\/comments?post=60043"}],"version-history":[{"count":2,"href":"https:\/\/www.portalalerta.com.br\/index.php\/wp-json\/wp\/v2\/posts\/60043\/revisions"}],"predecessor-version":[{"id":60046,"href":"https:\/\/www.portalalerta.com.br\/index.php\/wp-json\/wp\/v2\/posts\/60043\/revisions\/60046"}],"wp:featuredmedia":[{"embeddable":true,"href":"https:\/\/www.portalalerta.com.br\/index.php\/wp-json\/wp\/v2\/media\/60044"}],"wp:attachment":[{"href":"https:\/\/www.portalalerta.com.br\/index.php\/wp-json\/wp\/v2\/media?parent=60043"}],"wp:term":[{"taxonomy":"category","embeddable":true,"href":"https:\/\/www.portalalerta.com.br\/index.php\/wp-json\/wp\/v2\/categories?post=60043"},{"taxonomy":"post_tag","embeddable":true,"href":"https:\/\/www.portalalerta.com.br\/index.php\/wp-json\/wp\/v2\/tags?post=60043"}],"curies":[{"name":"wp","href":"https:\/\/api.w.org\/{rel}","templated":true}]}}