{"id":60330,"date":"2024-03-30T22:13:43","date_gmt":"2024-03-31T01:13:43","guid":{"rendered":"https:\/\/www.portalalerta.com.br\/?p=60330"},"modified":"2024-08-22T22:23:14","modified_gmt":"2024-08-23T01:23:14","slug":"vereador-carlos-elielson-uri-da-ilha-se-filia-ao-partido-pp","status":"publish","type":"post","link":"https:\/\/www.portalalerta.com.br\/index.php\/2024\/03\/30\/vereador-carlos-elielson-uri-da-ilha-se-filia-ao-partido-pp\/","title":{"rendered":"Vereador Carlos Elielson (Uri da Ilha) se filia ao partido PP"},"content":{"rendered":"\n<p>O vereador Carlos Elielson Ex-PDT agora se Filiou oficialmente ao PP<\/p>\n\n\n\n<!--more-->\n\n\n\n<p>O vereador Carlos Elielson Ex-PDT agora se Filiou oficialmente ao Partido Progressista (PP). Correligion\u00e1rio do atual prefeito de C\u00edcero Dantas, Dr. Ricardo Almeida, nesta semana.<\/p>\n\n\n\n<p>O vereador de C\u00edcero Dantas (legislatura 2021\/2024) disputar\u00e1 as pr\u00f3ximas elei\u00e7\u00f5es pela nova sigla, cujo convite j\u00e1 havia sido feito pelo atual prefeito h\u00e1 alguns meses e agora foi oficializado.<\/p>\n\n\n\n<p>O Prefeito muito feliz pela ades\u00e3o, desejou boa sorte ao vereador nas pr\u00f3ximas elei\u00e7\u00f5es.<\/p>\n\n\n\n<p><em>Fonte: TV Nordeste<\/em><\/p>\n","protected":false},"excerpt":{"rendered":"<p>O vereador Carlos Elielson Ex-PDT agora se Filiou oficialmente ao PP<\/p>\n","protected":false},"author":2,"featured_media":60332,"comment_status":"open","ping_status":"open","sticky":false,"template":"","format":"standard","meta":{"om_disable_all_campaigns":false,"_monsterinsights_skip_tracking":false,"_monsterinsights_sitenote_active":false,"_monsterinsights_sitenote_note":"","_monsterinsights_sitenote_category":0,"footnotes":""},"categories":[4,70,69,21,32],"tags":[100,71,48,75,4178,4180,5695,129,107,4181,132,230,106,203,120,51,1116,109,88,47,830,111,190,7342,80],"class_list":["post-60330","post","type-post","status-publish","format-standard","has-post-thumbnail","hentry","category-cicero-dantas","category-destaques","category-noticias2","category-politica","category-regiao","tag-adustina","tag-antas","tag-araci","tag-cicero-dantas","tag-cipo-2","tag-crisopolis-2","tag-eleicoes-2024","tag-euclides-da-cunha","tag-fatima","tag-heliopolis-2","tag-itapicuru","tag-jeremoabo","tag-nova-soure","tag-novo-triunfo","tag-olindina","tag-paripiranga","tag-pp","tag-quijingue","tag-ribeira-do-amparo","tag-ribeira-do-pombal","tag-ricardo-almeida","tag-sitio-do-quinto","tag-tucano","tag-uri-da-ilha","tag-vereador"],"aioseo_notices":[],"_links":{"self":[{"href":"https:\/\/www.portalalerta.com.br\/index.php\/wp-json\/wp\/v2\/posts\/60330","targetHints":{"allow":["GET"]}}],"collection":[{"href":"https:\/\/www.portalalerta.com.br\/index.php\/wp-json\/wp\/v2\/posts"}],"about":[{"href":"https:\/\/www.portalalerta.com.br\/index.php\/wp-json\/wp\/v2\/types\/post"}],"author":[{"embeddable":true,"href":"https:\/\/www.portalalerta.com.br\/index.php\/wp-json\/wp\/v2\/users\/2"}],"replies":[{"embeddable":true,"href":"https:\/\/www.portalalerta.com.br\/index.php\/wp-json\/wp\/v2\/comments?post=60330"}],"version-history":[{"count":1,"href":"https:\/\/www.portalalerta.com.br\/index.php\/wp-json\/wp\/v2\/posts\/60330\/revisions"}],"predecessor-version":[{"id":60333,"href":"https:\/\/www.portalalerta.com.br\/index.php\/wp-json\/wp\/v2\/posts\/60330\/revisions\/60333"}],"wp:featuredmedia":[{"embeddable":true,"href":"https:\/\/www.portalalerta.com.br\/index.php\/wp-json\/wp\/v2\/media\/60332"}],"wp:attachment":[{"href":"https:\/\/www.portalalerta.com.br\/index.php\/wp-json\/wp\/v2\/media?parent=60330"}],"wp:term":[{"taxonomy":"category","embeddable":true,"href":"https:\/\/www.portalalerta.com.br\/index.php\/wp-json\/wp\/v2\/categories?post=60330"},{"taxonomy":"post_tag","embeddable":true,"href":"https:\/\/www.portalalerta.com.br\/index.php\/wp-json\/wp\/v2\/tags?post=60330"}],"curies":[{"name":"wp","href":"https:\/\/api.w.org\/{rel}","templated":true}]}}