{"id":60620,"date":"2024-08-29T22:22:09","date_gmt":"2024-08-30T01:22:09","guid":{"rendered":"https:\/\/www.portalalerta.com.br\/?p=60620"},"modified":"2024-08-29T22:22:10","modified_gmt":"2024-08-30T01:22:10","slug":"x-diz-que-vai-descumprir-ordem-do-ministro-alexandre-de-moraes","status":"publish","type":"post","link":"https:\/\/www.portalalerta.com.br\/index.php\/2024\/08\/29\/x-diz-que-vai-descumprir-ordem-do-ministro-alexandre-de-moraes\/","title":{"rendered":"X diz que vai descumprir ordem do ministro Alexandre de Moraes"},"content":{"rendered":"\n<p>Plataforma espera ter suas atividades suspensas no Brasil em breve<\/p>\n\n\n\n<!--more-->\n\n\n\n<p>Logo ap\u00f3s vencer o prazo estabelecido pelo ministro do Supremo Tribunal Federal (STF), Alexandre de Moraes, para o X (antigo Twitter) nomear um representante legal no Brasil, a rede social anunciou que n\u00e3o vai cumprir a determina\u00e7\u00e3o do magistrado.<\/p>\n\n\n\n<p>Em um comunicado publicado na pr\u00f3pria plataforma, o X declarou que esperar ter suas atividades suspensas \u201cem breve\u201d.<\/p>\n\n\n\n<p>O&nbsp;<a href=\"https:\/\/www.cnnbrasil.com.br\/politica\/prazo-de-moraes-para-x-indicar-representante-no-brasil-acaba-as-20h07\/\" target=\"_blank\" rel=\"noreferrer noopener\">prazo determinado por Moraes terminou \u00e0s 20h07<\/a>. \u00c0s 20h14, o perfil de rela\u00e7\u00f5es globais e governamentais da plataforma publicou o posicionamento da empresa.<\/p>\n\n\n\n<p>\u201cEm breve, esperamos que o ministro Alexandre de Moraes ordene o bloqueio do X no Brasil \u2013 simplesmente porque n\u00e3o cumprimos suas ordens ilegais para censurar seus opositores pol\u00edticos\u201d, diz a postagem.<\/p>\n\n\n\n<p>No comunicado, a empresa alegou que tentou se defender judicialmente, mas Moraes teria amea\u00e7ado prender seu representante legal e bloquear suas contas banc\u00e1rias.<\/p>\n\n\n\n<p>\u201cNossas contesta\u00e7\u00f5es contra suas a\u00e7\u00f5es manifestamente ilegais foram rejeitadas ou ignoradas. Os colegas do ministro Alexandre de Moraes no Supremo Tribunal Federal est\u00e3o impossibilitados ou n\u00e3o querem enfrent\u00e1-lo\u201d, diz o comunicado.<\/p>\n\n\n\n<p>O X ainda declarou que, nos pr\u00f3ximos dias, ir\u00e1 publicar uma s\u00e9rie de decis\u00f5es \u201cilegais\u201d de Moraes. \u201cPublicaremos todas as exig\u00eancias ilegais do ministro e todos os documentos judiciais relacionados, para fins de transpar\u00eancia\u201d.<\/p>\n\n\n\n<p>O comunicado divulgado nesta quinta-feira (29)&nbsp;<a href=\"https:\/\/www.cnnbrasil.com.br\/politica\/x-diz-que-vai-fechar-escritorio-no-brasil-apos-decisoes-de-moraes\/\" target=\"_blank\" rel=\"noreferrer noopener\">acontece na esteira do an\u00fancio do fechamento do escrit\u00f3rio do X no Brasil, em 17 de agosto<\/a>. A empresa alegou \u201cexig\u00eancias de censura\u201d por parte da Justi\u00e7a brasileira em raz\u00e3o de decis\u00f5es de Moraes determinando o bloqueio de perfis na plataforma.<\/p>\n\n\n\n<p>Em resposta, o ministro ordenou, na \u00faltima quarta-feira (28), que o a empresa nomeasse um novo representante legal no Brasil, sob pena de suspens\u00e3o de suas atividades. O<a href=\"https:\/\/www.cnnbrasil.com.br\/politica\/moraes-manda-musk-indicar-novo-representante-do-x-no-brasil-em-24-horas\/\" target=\"_blank\" rel=\"noreferrer noopener\">&nbsp;ministro deu o prazo de 24 horas para o cumprimento da ordem<\/a>.<\/p>\n\n\n\n<p>A intima\u00e7\u00e3o foi feita por meio de uma postagem no perfil oficial da Corte na pr\u00f3pria plataforma. O Supremo ainda marcou o perfil do empres\u00e1rio sul-africano Elon Musk, propriet\u00e1rio do X.<\/p>\n\n\n\n<p>Musk reagiu poucas horas depois. Ele publicou montagens em tom de deboche de Moraes dentro da cela de um pres\u00eddio e o comparou a vil\u00f5es de Harry Potter e Star Wars.<\/p>\n\n\n\n<p>\u201cUm dia, Alexandre, essa foto de voc\u00ea na pris\u00e3o ser\u00e1 real. Guarde minhas palavras\u201d, disse Musk em uma das publica\u00e7\u00f5es.<\/p>\n\n\n\n<p><strong>Leia a \u00edntegra do comunicado<\/strong><\/p>\n\n\n\n<p>Em breve, esperamos que o ministro Alexandre de Moraes ordene o bloqueio do X no Brasil \u2013 simplesmente porque n\u00e3o cumprimos suas ordens ilegais para censurar seus opositores pol\u00edticos. Dentre esses opositores est\u00e3o um Senador devidamente eleito e uma jovem de 16 anos, entre outros.<\/p>\n\n\n\n<p>Quando tentamos nos defender no tribunal, o ministro amea\u00e7ou prender nossa representante legal no Brasil. Mesmo ap\u00f3s sua ren\u00fancia, ele congelou todas as suas contas banc\u00e1rias. Nossas contesta\u00e7\u00f5es contra suas a\u00e7\u00f5es manifestamente ilegais foram rejeitadas ou ignoradas. Os colegas do ministro Alexandre de Moraes no Supremo Tribunal Federal est\u00e3o ou impossibilitados de ou n\u00e3o querem enfrent\u00e1-lo.<\/p>\n\n\n\n<p>N\u00e3o estamos absolutamente insistindo que outros pa\u00edses tenham as mesmas leis de liberdade de express\u00e3o dos Estados Unidos. A quest\u00e3o fundamental em jogo aqui \u00e9 que o ministro Alexandre de Moraes exige que violemos as pr\u00f3prias leis do Brasil. Simplesmente n\u00e3o faremos isso.<\/p>\n\n\n\n<p>Nos pr\u00f3ximos dias, publicaremos todas as exig\u00eancias ilegais do ministro e todos os documentos judiciais relacionados, para fins de transpar\u00eancia.<\/p>\n\n\n\n<p>Ao contr\u00e1rio de outras plataformas de m\u00eddia social e tecnologia, n\u00e3o cumpriremos ordens ilegais em segredo.<\/p>\n\n\n\n<p>Aos nossos usu\u00e1rios no Brasil e ao redor do mundo, o X continua comprometido em proteger sua liberdade de express\u00e3o.<\/p>\n\n\n\n<p><em>Fonte: CNN Brasil<\/em><\/p>\n","protected":false},"excerpt":{"rendered":"<p>Plataforma espera ter suas atividades suspensas no Brasil em breve<\/p>\n","protected":false},"author":2,"featured_media":55718,"comment_status":"open","ping_status":"open","sticky":false,"template":"","format":"standard","meta":{"om_disable_all_campaigns":false,"_monsterinsights_skip_tracking":false,"_monsterinsights_sitenote_active":false,"_monsterinsights_sitenote_note":"","_monsterinsights_sitenote_category":0,"footnotes":""},"categories":[70,69],"tags":[],"class_list":["post-60620","post","type-post","status-publish","format-standard","has-post-thumbnail","hentry","category-destaques","category-noticias2"],"aioseo_notices":[],"_links":{"self":[{"href":"https:\/\/www.portalalerta.com.br\/index.php\/wp-json\/wp\/v2\/posts\/60620","targetHints":{"allow":["GET"]}}],"collection":[{"href":"https:\/\/www.portalalerta.com.br\/index.php\/wp-json\/wp\/v2\/posts"}],"about":[{"href":"https:\/\/www.portalalerta.com.br\/index.php\/wp-json\/wp\/v2\/types\/post"}],"author":[{"embeddable":true,"href":"https:\/\/www.portalalerta.com.br\/index.php\/wp-json\/wp\/v2\/users\/2"}],"replies":[{"embeddable":true,"href":"https:\/\/www.portalalerta.com.br\/index.php\/wp-json\/wp\/v2\/comments?post=60620"}],"version-history":[{"count":2,"href":"https:\/\/www.portalalerta.com.br\/index.php\/wp-json\/wp\/v2\/posts\/60620\/revisions"}],"predecessor-version":[{"id":60622,"href":"https:\/\/www.portalalerta.com.br\/index.php\/wp-json\/wp\/v2\/posts\/60620\/revisions\/60622"}],"wp:featuredmedia":[{"embeddable":true,"href":"https:\/\/www.portalalerta.com.br\/index.php\/wp-json\/wp\/v2\/media\/55718"}],"wp:attachment":[{"href":"https:\/\/www.portalalerta.com.br\/index.php\/wp-json\/wp\/v2\/media?parent=60620"}],"wp:term":[{"taxonomy":"category","embeddable":true,"href":"https:\/\/www.portalalerta.com.br\/index.php\/wp-json\/wp\/v2\/categories?post=60620"},{"taxonomy":"post_tag","embeddable":true,"href":"https:\/\/www.portalalerta.com.br\/index.php\/wp-json\/wp\/v2\/tags?post=60620"}],"curies":[{"name":"wp","href":"https:\/\/api.w.org\/{rel}","templated":true}]}}