{"id":60676,"date":"2024-08-31T16:36:59","date_gmt":"2024-08-31T19:36:59","guid":{"rendered":"https:\/\/www.portalalerta.com.br\/?p=60676"},"modified":"2024-08-31T16:37:09","modified_gmt":"2024-08-31T19:37:09","slug":"ribeira-do-pombal-inaugura-posto-de-atendimento-do-procon-no-centro-da-cidade","status":"publish","type":"post","link":"https:\/\/www.portalalerta.com.br\/index.php\/2024\/08\/31\/ribeira-do-pombal-inaugura-posto-de-atendimento-do-procon-no-centro-da-cidade\/","title":{"rendered":"Ribeira do Pombal Inaugura Posto de Atendimento do PROCON no Centro da Cidade"},"content":{"rendered":"\n<p>O munic\u00edpio de Ribeira do Pombal-BA receber\u00e1 em breve, um refor\u00e7o significativo na defesa dos direitos dos consumidores. No dia 02 de setembro de 2023, \u00e0s 10h30min, ser\u00e1 inaugurado o novo posto de atendimento do PROCON Bahia, localizado na Unidade SAC da cidade, na Pra\u00e7a Get\u00falio Vargas, no centro.<\/p>\n\n\n\n<!--more-->\n\n\n\n<p>A Superintend\u00eancia de Defesa do Consumidor (PROCON Bahia), vinculada \u00e0 Secretaria de Justi\u00e7a e Direitos Humanos (SJDH), em parceria com a Secretaria da Administra\u00e7\u00e3o do Estado (SAEB), emiteiu convite as autoridades e toda a popula\u00e7\u00e3o para participar da inaugura\u00e7\u00e3o dessa que ser\u00e1 a 32\u00aa unidade do PROCON em parceria com o SAC no estado.<\/p>\n\n\n<div class=\"wp-block-image\">\n<figure class=\"aligncenter size-large\"><img fetchpriority=\"high\" decoding=\"async\" width=\"1024\" height=\"348\" src=\"https:\/\/www.portalalerta.com.br\/wp-content\/uploads\/2024\/07\/Real-Diversao-2024-1024x348.jpg\" alt=\"\" class=\"wp-image-58229\" srcset=\"https:\/\/www.portalalerta.com.br\/wp-content\/uploads\/2024\/07\/Real-Diversao-2024-1024x348.jpg 1024w, https:\/\/www.portalalerta.com.br\/wp-content\/uploads\/2024\/07\/Real-Diversao-2024-706x240.jpg 706w, https:\/\/www.portalalerta.com.br\/wp-content\/uploads\/2024\/07\/Real-Diversao-2024-768x261.jpg 768w, https:\/\/www.portalalerta.com.br\/wp-content\/uploads\/2024\/07\/Real-Diversao-2024.jpg 1280w\" sizes=\"(max-width: 1024px) 100vw, 1024px\" \/><\/figure><\/div>\n\n\n<p>Essa nova unidade vem para oferecer aos moradores de Ribeira do Pombal e regi\u00e3o acesso facilitado aos servi\u00e7os de defesa do consumidor, garantindo que as demandas e reclama\u00e7\u00f5es sejam atendidas com qualidade e efici\u00eancia. A instala\u00e7\u00e3o do PROCON no munic\u00edpio representa um importante avan\u00e7o na prote\u00e7\u00e3o dos direitos dos consumidores, oferecendo uma solu\u00e7\u00e3o \u00e1gil e eficaz para conflitos de consumo.<\/p>\n\n\n\n<p>O evento de inaugura\u00e7\u00e3o marca um momento significativo para a cidade, que passa a contar com uma estrutura dedicada exclusivamente ao atendimento e orienta\u00e7\u00e3o dos consumidores, fortalecendo a cidadania e o respeito \u00e0s rela\u00e7\u00f5es de consumo.<\/p>\n\n\n\n<p><em>Fonte: Dia a Dia Nordeste<\/em><\/p>\n","protected":false},"excerpt":{"rendered":"<p>O munic\u00edpio de Ribeira do Pombal-BA receber\u00e1 em breve, um refor\u00e7o significativo na defesa dos direitos dos consumidores. No dia 02 de setembro de 2023, \u00e0s 10h30min, ser\u00e1 inaugurado o novo posto de atendimento do PROCON Bahia, localizado na Unidade SAC da cidade, na Pra\u00e7a Get\u00falio Vargas, no centro.<\/p>\n","protected":false},"author":2,"featured_media":60677,"comment_status":"open","ping_status":"open","sticky":false,"template":"","format":"standard","meta":{"om_disable_all_campaigns":false,"_monsterinsights_skip_tracking":false,"_monsterinsights_sitenote_active":false,"_monsterinsights_sitenote_note":"","_monsterinsights_sitenote_category":0,"footnotes":""},"categories":[70,69,32,3],"tags":[100,71,48,75,4178,4180,129,107,4181,132,230,106,203,120,51,402,109,88,47,111,190],"class_list":["post-60676","post","type-post","status-publish","format-standard","has-post-thumbnail","hentry","category-destaques","category-noticias2","category-regiao","category-ribeira-do-pombal","tag-adustina","tag-antas","tag-araci","tag-cicero-dantas","tag-cipo-2","tag-crisopolis-2","tag-euclides-da-cunha","tag-fatima","tag-heliopolis-2","tag-itapicuru","tag-jeremoabo","tag-nova-soure","tag-novo-triunfo","tag-olindina","tag-paripiranga","tag-procon","tag-quijingue","tag-ribeira-do-amparo","tag-ribeira-do-pombal","tag-sitio-do-quinto","tag-tucano"],"aioseo_notices":[],"_links":{"self":[{"href":"https:\/\/www.portalalerta.com.br\/index.php\/wp-json\/wp\/v2\/posts\/60676","targetHints":{"allow":["GET"]}}],"collection":[{"href":"https:\/\/www.portalalerta.com.br\/index.php\/wp-json\/wp\/v2\/posts"}],"about":[{"href":"https:\/\/www.portalalerta.com.br\/index.php\/wp-json\/wp\/v2\/types\/post"}],"author":[{"embeddable":true,"href":"https:\/\/www.portalalerta.com.br\/index.php\/wp-json\/wp\/v2\/users\/2"}],"replies":[{"embeddable":true,"href":"https:\/\/www.portalalerta.com.br\/index.php\/wp-json\/wp\/v2\/comments?post=60676"}],"version-history":[{"count":1,"href":"https:\/\/www.portalalerta.com.br\/index.php\/wp-json\/wp\/v2\/posts\/60676\/revisions"}],"predecessor-version":[{"id":60678,"href":"https:\/\/www.portalalerta.com.br\/index.php\/wp-json\/wp\/v2\/posts\/60676\/revisions\/60678"}],"wp:featuredmedia":[{"embeddable":true,"href":"https:\/\/www.portalalerta.com.br\/index.php\/wp-json\/wp\/v2\/media\/60677"}],"wp:attachment":[{"href":"https:\/\/www.portalalerta.com.br\/index.php\/wp-json\/wp\/v2\/media?parent=60676"}],"wp:term":[{"taxonomy":"category","embeddable":true,"href":"https:\/\/www.portalalerta.com.br\/index.php\/wp-json\/wp\/v2\/categories?post=60676"},{"taxonomy":"post_tag","embeddable":true,"href":"https:\/\/www.portalalerta.com.br\/index.php\/wp-json\/wp\/v2\/tags?post=60676"}],"curies":[{"name":"wp","href":"https:\/\/api.w.org\/{rel}","templated":true}]}}