{"id":60679,"date":"2024-08-31T16:51:45","date_gmt":"2024-08-31T19:51:45","guid":{"rendered":"https:\/\/www.portalalerta.com.br\/?p=60679"},"modified":"2024-08-31T16:51:46","modified_gmt":"2024-08-31T19:51:46","slug":"juiz-proibe-fogos-de-artificio-nas-eleicoes-de-2024-em-ribeira-do-pombal","status":"publish","type":"post","link":"https:\/\/www.portalalerta.com.br\/index.php\/2024\/08\/31\/juiz-proibe-fogos-de-artificio-nas-eleicoes-de-2024-em-ribeira-do-pombal\/","title":{"rendered":"Juiz Pro\u00edbe Fogos de Artif\u00edcio nas Elei\u00e7\u00f5es de 2024 em Ribeira do Pombal"},"content":{"rendered":"\n<p>Decis\u00e3o reflete tend\u00eancia crescente e visa prote\u00e7\u00e3o ao meio ambiente e grupos vulner\u00e1veis<\/p>\n\n\n\n<!--more-->\n\n\n\n<p>O juiz eleitoral da 110\u00aa Zona Eleitoral da Bahia, Dr. Luiz Carlos Vilas Boas Andrade J\u00fanior, emitiu a Portaria ZE-110 n\u00ba 14, de 28 de agosto de 2024, proibindo a queima de fogos de artif\u00edcio durante a campanha eleitoral em Ribeira do Pombal e nas cidades de Banza\u00ea e Heli\u00f3polis. A medida entra em vigor a partir de 2 de setembro de 2024 e se estende at\u00e9 o dia 6 de outubro de 2024, garantindo a tranquilidade e a seguran\u00e7a durante o per\u00edodo eleitoral.<\/p>\n\n\n\n<p>A portaria reflete uma tend\u00eancia crescente em diversas regi\u00f5es, onde o uso indiscriminado de fogos de artif\u00edcio tem gerado desconforto e problemas para a popula\u00e7\u00e3o. O juiz considerou, entre outros aspectos, os transtornos causados a pessoas com Transtorno do Espectro Autista (TEA), que podem sofrer com o barulho, al\u00e9m do impacto negativo na fauna, flora e na sa\u00fade humana. A decis\u00e3o atende a uma demanda antiga de criadores de pets e pais at\u00edpicos, que h\u00e1 tempos manifestavam insatisfa\u00e7\u00e3o com a soltura de fogos, devido aos danos causados a animais e a pessoas sens\u00edveis ao som intenso.<\/p>\n\n\n\n<p>De acordo com a portaria, a queima de fogos est\u00e1 proibida em qualquer evento de car\u00e1ter eleitoral, incluindo com\u00edcios, carreatas, caminhadas e passeatas, tanto em vias p\u00fablicas quanto em propriedades particulares. A \u00fanica exce\u00e7\u00e3o \u00e9 para celebra\u00e7\u00f5es ap\u00f3s a divulga\u00e7\u00e3o dos resultados oficiais, em 6 de outubro, desde que realizadas at\u00e9 as 22h e com comunica\u00e7\u00e3o pr\u00e9via \u00e0 Pol\u00edcia Militar.<\/p>\n\n\n\n<p>Aqueles que desrespeitarem a portaria estar\u00e3o sujeitos a san\u00e7\u00f5es legais, incluindo a apreens\u00e3o dos fogos e a poss\u00edvel responsabiliza\u00e7\u00e3o c\u00edvel e criminal. A Pol\u00edcia Militar ser\u00e1 respons\u00e1vel por coibir abusos e garantir o cumprimento das determina\u00e7\u00f5es.<\/p>\n\n\n\n<p><em>Fonte: Dia a Dia Nordeste<\/em><\/p>\n","protected":false},"excerpt":{"rendered":"<p>Decis\u00e3o reflete tend\u00eancia crescente e visa prote\u00e7\u00e3o ao meio ambiente e grupos vulner\u00e1veis<\/p>\n","protected":false},"author":2,"featured_media":60680,"comment_status":"open","ping_status":"open","sticky":false,"template":"","format":"standard","meta":{"om_disable_all_campaigns":false,"_monsterinsights_skip_tracking":false,"_monsterinsights_sitenote_active":false,"_monsterinsights_sitenote_note":"","_monsterinsights_sitenote_category":0,"footnotes":""},"categories":[70,69,21,32,3],"tags":[100,71,48,75,4178,4180,129,107,6150,4181,132,230,106,203,120,51,109,88,47,111,190],"class_list":["post-60679","post","type-post","status-publish","format-standard","has-post-thumbnail","hentry","category-destaques","category-noticias2","category-politica","category-regiao","category-ribeira-do-pombal","tag-adustina","tag-antas","tag-araci","tag-cicero-dantas","tag-cipo-2","tag-crisopolis-2","tag-euclides-da-cunha","tag-fatima","tag-fogos-de-artificio","tag-heliopolis-2","tag-itapicuru","tag-jeremoabo","tag-nova-soure","tag-novo-triunfo","tag-olindina","tag-paripiranga","tag-quijingue","tag-ribeira-do-amparo","tag-ribeira-do-pombal","tag-sitio-do-quinto","tag-tucano"],"aioseo_notices":[],"_links":{"self":[{"href":"https:\/\/www.portalalerta.com.br\/index.php\/wp-json\/wp\/v2\/posts\/60679","targetHints":{"allow":["GET"]}}],"collection":[{"href":"https:\/\/www.portalalerta.com.br\/index.php\/wp-json\/wp\/v2\/posts"}],"about":[{"href":"https:\/\/www.portalalerta.com.br\/index.php\/wp-json\/wp\/v2\/types\/post"}],"author":[{"embeddable":true,"href":"https:\/\/www.portalalerta.com.br\/index.php\/wp-json\/wp\/v2\/users\/2"}],"replies":[{"embeddable":true,"href":"https:\/\/www.portalalerta.com.br\/index.php\/wp-json\/wp\/v2\/comments?post=60679"}],"version-history":[{"count":1,"href":"https:\/\/www.portalalerta.com.br\/index.php\/wp-json\/wp\/v2\/posts\/60679\/revisions"}],"predecessor-version":[{"id":60681,"href":"https:\/\/www.portalalerta.com.br\/index.php\/wp-json\/wp\/v2\/posts\/60679\/revisions\/60681"}],"wp:featuredmedia":[{"embeddable":true,"href":"https:\/\/www.portalalerta.com.br\/index.php\/wp-json\/wp\/v2\/media\/60680"}],"wp:attachment":[{"href":"https:\/\/www.portalalerta.com.br\/index.php\/wp-json\/wp\/v2\/media?parent=60679"}],"wp:term":[{"taxonomy":"category","embeddable":true,"href":"https:\/\/www.portalalerta.com.br\/index.php\/wp-json\/wp\/v2\/categories?post=60679"},{"taxonomy":"post_tag","embeddable":true,"href":"https:\/\/www.portalalerta.com.br\/index.php\/wp-json\/wp\/v2\/tags?post=60679"}],"curies":[{"name":"wp","href":"https:\/\/api.w.org\/{rel}","templated":true}]}}