{"id":60789,"date":"2024-09-02T12:27:24","date_gmt":"2024-09-02T15:27:24","guid":{"rendered":"https:\/\/www.portalalerta.com.br\/?p=60789"},"modified":"2024-09-02T20:56:08","modified_gmt":"2024-09-02T23:56:08","slug":"ampla-defesa-esta-prejudicada-diz-representante-da-oab-sobre-bloqueio-do-x-por-moraes","status":"publish","type":"post","link":"https:\/\/www.portalalerta.com.br\/index.php\/2024\/09\/02\/ampla-defesa-esta-prejudicada-diz-representante-da-oab-sobre-bloqueio-do-x-por-moraes\/","title":{"rendered":"Ampla defesa est\u00e1 prejudicada, diz representante da OAB sobre bloqueio do X por Moraes"},"content":{"rendered":"\n<p>Em entrevista \u00e0 CNN, Solano de Camargo explica que X n\u00e3o pode recorrer de decis\u00e3o do ministro Alexandre de Moraes, do Supremo Tribunal Federal (STF)<\/p>\n\n\n\n<!--more-->\n\n\n\n<p>A ampla defesa est\u00e1 prejudicada no caso do\u00a0bloqueio completo do X (antigo Twitter)\u00a0determinado pelo ministro Alexandre de Moraes, do Supremo Tribunal Federal (STF), segundo Solano de Camargo, presidente da Comiss\u00e3o de Privacidade da Ordem dos Advogados do Brasil de S\u00e3o Paulo (OAB-SP), em entrevista \u00e0\u00a0<strong>CNN<\/strong>.<\/p>\n\n\n\n<p>\u201cO inqu\u00e9rito \u00e9 para verificar mil\u00edcias digitais. E nesse inqu\u00e9rito quem pode recorrer \u00e9 s\u00f3 o Minist\u00e9rio P\u00fablico ou eventualmente algum acusado, todo o restante n\u00e3o pode recorrer, o X n\u00e3o pode recorrer. Ent\u00e3o \u00e9 uma situa\u00e7\u00e3o em que a ampla defesa ela est\u00e1 prejudicada\u201d, explica Camargo.<\/p>\n\n\n<div class=\"wp-block-image\">\n<figure class=\"aligncenter size-large\"><img fetchpriority=\"high\" decoding=\"async\" width=\"1024\" height=\"348\" src=\"https:\/\/www.portalalerta.com.br\/wp-content\/uploads\/2024\/07\/Real-Diversao-2024-1024x348.jpg\" alt=\"\" class=\"wp-image-58229\" srcset=\"https:\/\/www.portalalerta.com.br\/wp-content\/uploads\/2024\/07\/Real-Diversao-2024-1024x348.jpg 1024w, https:\/\/www.portalalerta.com.br\/wp-content\/uploads\/2024\/07\/Real-Diversao-2024-706x240.jpg 706w, https:\/\/www.portalalerta.com.br\/wp-content\/uploads\/2024\/07\/Real-Diversao-2024-768x261.jpg 768w, https:\/\/www.portalalerta.com.br\/wp-content\/uploads\/2024\/07\/Real-Diversao-2024.jpg 1280w\" sizes=\"(max-width: 1024px) 100vw, 1024px\" \/><\/figure><\/div>\n\n\n<p>Para Camargo, Moraes est\u00e1 julgando pela exce\u00e7\u00e3o ao legislar contra o X.<\/p>\n\n\n\n<p>\u201cEnt\u00e3o, eu estou julgando justamente pela exce\u00e7\u00e3o, pelo fato de haver possivelmente il\u00edcitos cometidos dentro da rede, eu vou fazer com que ningu\u00e9m mais participe. Isso \u00e9 ditatorial\u201d, cita.<\/p>\n\n\n\n<p>O representante da OAB diz que \u00e9 muito prov\u00e1vel que existam crimes sendo cometidos dentro do X, mas que para julg\u00e1-los \u00e9 necess\u00e1rio realizar o devido processo legal.<\/p>\n\n\n\n<p><em>\u00c9 muito prov\u00e1vel e poss\u00edvel que existam crimes sendo cometidos ali dentro, mas para isso existe uma situa\u00e7\u00e3o que ela \u00e9 reconhecida a pelo menos 800 anos, que \u00e9 o devido processo legal. Fazendo com que todas as situa\u00e7\u00f5es ali possam ser defendidas, buscadas, provadas com o contradit\u00f3rio e as pessoas eventualmente causadoras de il\u00edcitos possam ser punidas.<\/em><\/p>\n\n\n\n<p><strong>Sem resposta<\/strong><\/p>\n\n\n\n<p>A decis\u00e3o foi tomada depois de o STF ter intimado o empres\u00e1rio Elon Musk, dono do X, a\u00a0nomear um novo representante legal da empresa no Brasil, sob pena de suspens\u00e3o da rede social.<\/p>\n\n\n\n<p>A intima\u00e7\u00e3o foi feita por meio de uma postagem no perfil oficial da Corte na pr\u00f3pria plataforma. O prazo concedido para o cumprimento da ordem foi de 24 horas. Encerrado o prazo, a\u00a0empresa disse que n\u00e3o iria cumprir a ordem.<\/p>\n\n\n\n<p><strong>Descumprimentos<\/strong><\/p>\n\n\n\n<p>O X anunciou o\u00a0fechamento do escrit\u00f3rio no Brasil em 17 de agosto. A medida foi tomada depois de decis\u00e3o em que Moraes determinou a pris\u00e3o da representante da plataforma no pa\u00eds, caso n\u00e3o fosse cumprida a ordens de bloqueios de perfis.<\/p>\n\n\n\n<p>A decis\u00e3o de Moraes veio na esteira de descumprimentos de determina\u00e7\u00f5es anteriores pela empresa. A desobedi\u00eancia levou ao\u00a0aumento de multas aplicadas pelo STF.<\/p>\n\n\n\n<p>Diante da aus\u00eancia de representantes do X no Brasil,\u00a0Moraes mandou bloquear as contas da empresa Starlink no Brasil, tamb\u00e9m de propriedade de Elon Musk, como forma de garantir o pagamento de multas impostas pelo STF \u00e0 plataforma.<\/p>\n\n\n\n<p>Conforme mostrou a\u00a0<strong>CNN<\/strong>, apesar do an\u00fancio da retirada do pa\u00eds, o X Brasil ainda\u00a0mant\u00e9m sua empresa aberta no pa\u00eds, com sede em S\u00e3o Paulo. O CNPJ da empresa permanece dispon\u00edvel, mas os funcion\u00e1rios foram demitidos.<\/p>\n\n\n\n<p><em>Fonte: CNN Brasil<\/em><\/p>\n","protected":false},"excerpt":{"rendered":"<p>Em entrevista \u00e0 CNN, Solano de Camargo explica que X n\u00e3o pode recorrer de decis\u00e3o do ministro Alexandre de Moraes, do Supremo Tribunal Federal (STF)<\/p>\n","protected":false},"author":2,"featured_media":55718,"comment_status":"open","ping_status":"open","sticky":false,"template":"","format":"standard","meta":{"om_disable_all_campaigns":false,"_monsterinsights_skip_tracking":false,"_monsterinsights_sitenote_active":false,"_monsterinsights_sitenote_note":"","_monsterinsights_sitenote_category":0,"footnotes":""},"categories":[34,70,35,69],"tags":[93,339,1331,216,6816],"class_list":["post-60789","post","type-post","status-publish","format-standard","has-post-thumbnail","hentry","category-brasil","category-destaques","category-mundo","category-noticias2","tag-brasil","tag-mundo","tag-oab","tag-stf","tag-x"],"aioseo_notices":[],"_links":{"self":[{"href":"https:\/\/www.portalalerta.com.br\/index.php\/wp-json\/wp\/v2\/posts\/60789","targetHints":{"allow":["GET"]}}],"collection":[{"href":"https:\/\/www.portalalerta.com.br\/index.php\/wp-json\/wp\/v2\/posts"}],"about":[{"href":"https:\/\/www.portalalerta.com.br\/index.php\/wp-json\/wp\/v2\/types\/post"}],"author":[{"embeddable":true,"href":"https:\/\/www.portalalerta.com.br\/index.php\/wp-json\/wp\/v2\/users\/2"}],"replies":[{"embeddable":true,"href":"https:\/\/www.portalalerta.com.br\/index.php\/wp-json\/wp\/v2\/comments?post=60789"}],"version-history":[{"count":2,"href":"https:\/\/www.portalalerta.com.br\/index.php\/wp-json\/wp\/v2\/posts\/60789\/revisions"}],"predecessor-version":[{"id":60807,"href":"https:\/\/www.portalalerta.com.br\/index.php\/wp-json\/wp\/v2\/posts\/60789\/revisions\/60807"}],"wp:featuredmedia":[{"embeddable":true,"href":"https:\/\/www.portalalerta.com.br\/index.php\/wp-json\/wp\/v2\/media\/55718"}],"wp:attachment":[{"href":"https:\/\/www.portalalerta.com.br\/index.php\/wp-json\/wp\/v2\/media?parent=60789"}],"wp:term":[{"taxonomy":"category","embeddable":true,"href":"https:\/\/www.portalalerta.com.br\/index.php\/wp-json\/wp\/v2\/categories?post=60789"},{"taxonomy":"post_tag","embeddable":true,"href":"https:\/\/www.portalalerta.com.br\/index.php\/wp-json\/wp\/v2\/tags?post=60789"}],"curies":[{"name":"wp","href":"https:\/\/api.w.org\/{rel}","templated":true}]}}