{"id":60815,"date":"2024-09-02T21:11:04","date_gmt":"2024-09-03T00:11:04","guid":{"rendered":"https:\/\/www.portalalerta.com.br\/?p=60815"},"modified":"2024-09-02T23:06:26","modified_gmt":"2024-09-03T02:06:26","slug":"prefeita-candidata-na-bahia-diz-que-vai-demitir-comissionados-que-caminharem-com-oposicao","status":"publish","type":"post","link":"https:\/\/www.portalalerta.com.br\/index.php\/2024\/09\/02\/prefeita-candidata-na-bahia-diz-que-vai-demitir-comissionados-que-caminharem-com-oposicao\/","title":{"rendered":"Candidata a reelei\u00e7\u00e3o, prefeita de Araci-BA diz que vai demitir comissionados que \u201ccaminharem\u201d com oposi\u00e7\u00e3o"},"content":{"rendered":"\n<p>A prefeita de\u00a0Araci, na regi\u00e3o sisaleira, e candidata \u00e0 reelei\u00e7\u00e3o Keinha (PDT), declarou que vai demitir servidores comissionados caso n\u00e3o a acompanhem nas elei\u00e7\u00f5es deste ano. O discurso, em tom de amea\u00e7a, foi feito na noite da \u00faltima sexta-feira (30) quando inaugurava um comit\u00ea de campanha na sede do munic\u00edpio.<\/p>\n\n\n\n<!--more-->\n\n\n\n<p>Em um trecho da fala, a gestora-candidata declarou. \u201cAqui tem cargo de confian\u00e7a, tem contratado e estou vendo caminhando com vereador da oposi\u00e7\u00e3o. N\u00e3o aceito. Estou vendo aqui uns quatro. Vou chamar de porta em porta e dizer. \u2018Escolha. Ou voc\u00ea quer a fam\u00edlia doze por inteiro ou pega seus panos e vaza\u2019\u201d, discursou a prefeita. <strong>\u00a0<\/strong><\/p>\n\n\n\n<p><strong>O QUE DIZ A LEI<\/strong><\/p>\n\n\n\n<p>Demiss\u00e3o de funcion\u00e1rios comissionados e de confian\u00e7a [de livre nomea\u00e7\u00e3o e demiss\u00e3o] n\u00e3o est\u00e1 entre as restri\u00e7\u00f5es impostas a candidatos que estejam no cargo. Durante o per\u00edodo eleitoral e at\u00e9 a posse, os postulantes n\u00e3o podem nomear, contratar, demitir sem justa causa, transferir ou exonerar servidor p\u00fablico. A exce\u00e7\u00e3o fica para os funcion\u00e1rios\u00a0comissionados.<\/p>\n\n\n\n<p>Al\u00e9m de Keinha, disputam a elei\u00e7\u00e3o em Araci Doutor Arthur (Uni\u00e3o) e Zelito Maia (MDB). \u00a0<\/p>\n\n\n\n<p><em>Fonte: Bahia Not\u00edcias<\/em><\/p>\n","protected":false},"excerpt":{"rendered":"<p>A prefeita de\u00a0Araci, na regi\u00e3o sisaleira, e candidata \u00e0 reelei\u00e7\u00e3o Keinha (PDT), declarou que vai demitir servidores comissionados caso n\u00e3o a acompanhem nas elei\u00e7\u00f5es deste ano. O discurso, em tom de amea\u00e7a, foi feito na noite da \u00faltima sexta-feira (30) quando inaugurava um comit\u00ea de campanha na sede do munic\u00edpio.<\/p>\n","protected":false},"author":2,"featured_media":60813,"comment_status":"open","ping_status":"open","sticky":false,"template":"","format":"standard","meta":{"om_disable_all_campaigns":false,"_monsterinsights_skip_tracking":false,"_monsterinsights_sitenote_active":false,"_monsterinsights_sitenote_note":"","_monsterinsights_sitenote_category":0,"footnotes":""},"categories":[41,70,69,21,32],"tags":[100,71,48,75,4178,4180,5695,129,107,4181,132,230,106,203,120,51,1426,109,88,47,111,190],"class_list":["post-60815","post","type-post","status-publish","format-standard","has-post-thumbnail","hentry","category-araci","category-destaques","category-noticias2","category-politica","category-regiao","tag-adustina","tag-antas","tag-araci","tag-cicero-dantas","tag-cipo-2","tag-crisopolis-2","tag-eleicoes-2024","tag-euclides-da-cunha","tag-fatima","tag-heliopolis-2","tag-itapicuru","tag-jeremoabo","tag-nova-soure","tag-novo-triunfo","tag-olindina","tag-paripiranga","tag-prefeita","tag-quijingue","tag-ribeira-do-amparo","tag-ribeira-do-pombal","tag-sitio-do-quinto","tag-tucano"],"aioseo_notices":[],"_links":{"self":[{"href":"https:\/\/www.portalalerta.com.br\/index.php\/wp-json\/wp\/v2\/posts\/60815","targetHints":{"allow":["GET"]}}],"collection":[{"href":"https:\/\/www.portalalerta.com.br\/index.php\/wp-json\/wp\/v2\/posts"}],"about":[{"href":"https:\/\/www.portalalerta.com.br\/index.php\/wp-json\/wp\/v2\/types\/post"}],"author":[{"embeddable":true,"href":"https:\/\/www.portalalerta.com.br\/index.php\/wp-json\/wp\/v2\/users\/2"}],"replies":[{"embeddable":true,"href":"https:\/\/www.portalalerta.com.br\/index.php\/wp-json\/wp\/v2\/comments?post=60815"}],"version-history":[{"count":2,"href":"https:\/\/www.portalalerta.com.br\/index.php\/wp-json\/wp\/v2\/posts\/60815\/revisions"}],"predecessor-version":[{"id":60832,"href":"https:\/\/www.portalalerta.com.br\/index.php\/wp-json\/wp\/v2\/posts\/60815\/revisions\/60832"}],"wp:featuredmedia":[{"embeddable":true,"href":"https:\/\/www.portalalerta.com.br\/index.php\/wp-json\/wp\/v2\/media\/60813"}],"wp:attachment":[{"href":"https:\/\/www.portalalerta.com.br\/index.php\/wp-json\/wp\/v2\/media?parent=60815"}],"wp:term":[{"taxonomy":"category","embeddable":true,"href":"https:\/\/www.portalalerta.com.br\/index.php\/wp-json\/wp\/v2\/categories?post=60815"},{"taxonomy":"post_tag","embeddable":true,"href":"https:\/\/www.portalalerta.com.br\/index.php\/wp-json\/wp\/v2\/tags?post=60815"}],"curies":[{"name":"wp","href":"https:\/\/api.w.org\/{rel}","templated":true}]}}