{"id":60819,"date":"2024-09-02T21:14:39","date_gmt":"2024-09-03T00:14:39","guid":{"rendered":"https:\/\/www.portalalerta.com.br\/?p=60819"},"modified":"2024-09-02T23:20:39","modified_gmt":"2024-09-03T02:20:39","slug":"gabriel-araujo-conquista-seu-terceiro-ouro-nos-jogos-de-paris","status":"publish","type":"post","link":"https:\/\/www.portalalerta.com.br\/index.php\/2024\/09\/02\/gabriel-araujo-conquista-seu-terceiro-ouro-nos-jogos-de-paris\/","title":{"rendered":"Gabriel Ara\u00fajo conquista seu terceiro ouro nos Jogos de Paris"},"content":{"rendered":"\n<p>Mineiro de 22 anos brilhou na disputa dos 200 metros livre classe S2<\/p>\n\n\n\n<!--more-->\n\n\n<div class=\"wp-block-image\">\n<figure class=\"alignleft size-large is-resized\"><img fetchpriority=\"high\" decoding=\"async\" src=\"https:\/\/www.portalalerta.com.br\/wp-content\/uploads\/2024\/04\/autoescola-emprego-1024x1024.jpg\" alt=\"\" class=\"wp-image-55693\" width=\"416\" height=\"416\" srcset=\"https:\/\/www.portalalerta.com.br\/wp-content\/uploads\/2024\/04\/autoescola-emprego-1024x1024.jpg 1024w, https:\/\/www.portalalerta.com.br\/wp-content\/uploads\/2024\/04\/autoescola-emprego-240x240.jpg 240w, https:\/\/www.portalalerta.com.br\/wp-content\/uploads\/2024\/04\/autoescola-emprego-768x768.jpg 768w, https:\/\/www.portalalerta.com.br\/wp-content\/uploads\/2024\/04\/autoescola-emprego.jpg 1080w\" sizes=\"(max-width: 416px) 100vw, 416px\" \/><\/figure><\/div>\n\n\n<p>Gabriel Ara\u00fajo voltou a mostrar que \u00e9 um dos grandes nomes do Brasil nos Jogos Paral\u00edmpicos de Paris (Fran\u00e7a), pois conquistou nesta segunda-feira (2) a sua terceira medalha de ouro no megaevento esportivo, desta vez na prova dos 200 metros livre classe S2 (limita\u00e7\u00f5es f\u00edsico-motoras). O mineiro de 22 anos de idade fechou a prova com o tempo de 3min58s92, estabelecendo o novo recorde das Am\u00e9ricas.<\/p>\n\n\n\n<p>O nadador, que \u00e9 conhecido como Gabrielzinho, j\u00e1 havia vencido as provas dos 100 metros e dos 50 metros costas, tamb\u00e9m na classe S2. Com a vit\u00f3ria desta segunda, o mineiro se tornou bicampe\u00e3o paral\u00edmpico dos 200 metros livre (marca que ele tamb\u00e9m det\u00e9m nos 50 metros costas). Ao todo o nadador nascido em Santa Luzia soma seis medalhas em duas edi\u00e7\u00f5es dos Jogos Paral\u00edmpicos.<\/p>\n\n\n\n<p>Ele ainda ter\u00e1 a oportunidade de subir mais uma vez no p\u00f3dio na capital francesa, na pr\u00f3xima sexta-feira (6) na prova dos 50 metros livre. \u201cEssa prova \u00e9 para encerrar com chave de ouro todo o trabalho que foi feito nesse ciclo. E vamos ver o que \u00e9 que d\u00e1, vamos nos divertir\u201d, concluiu o brasileiro.<\/p>\n\n\n\n<p><em>Fonte: Ag\u00eancia Brasil<\/em><\/p>\n","protected":false},"excerpt":{"rendered":"<p>Mineiro de 22 anos brilhou na disputa dos 200 metros livre classe S2<\/p>\n","protected":false},"author":2,"featured_media":60814,"comment_status":"open","ping_status":"open","sticky":false,"template":"","format":"standard","meta":{"om_disable_all_campaigns":false,"_monsterinsights_skip_tracking":false,"_monsterinsights_sitenote_active":false,"_monsterinsights_sitenote_note":"","_monsterinsights_sitenote_category":0,"footnotes":""},"categories":[34,70,2,35,69],"tags":[96,4808,7371,3002,1401],"class_list":["post-60819","post","type-post","status-publish","format-standard","has-post-thumbnail","hentry","category-brasil","category-destaques","category-esportes","category-mundo","category-noticias2","tag-esporte","tag-gabriel-araujo","tag-jogos-paralimpicos","tag-medalha-de-ouro","tag-natacao"],"aioseo_notices":[],"_links":{"self":[{"href":"https:\/\/www.portalalerta.com.br\/index.php\/wp-json\/wp\/v2\/posts\/60819","targetHints":{"allow":["GET"]}}],"collection":[{"href":"https:\/\/www.portalalerta.com.br\/index.php\/wp-json\/wp\/v2\/posts"}],"about":[{"href":"https:\/\/www.portalalerta.com.br\/index.php\/wp-json\/wp\/v2\/types\/post"}],"author":[{"embeddable":true,"href":"https:\/\/www.portalalerta.com.br\/index.php\/wp-json\/wp\/v2\/users\/2"}],"replies":[{"embeddable":true,"href":"https:\/\/www.portalalerta.com.br\/index.php\/wp-json\/wp\/v2\/comments?post=60819"}],"version-history":[{"count":2,"href":"https:\/\/www.portalalerta.com.br\/index.php\/wp-json\/wp\/v2\/posts\/60819\/revisions"}],"predecessor-version":[{"id":60841,"href":"https:\/\/www.portalalerta.com.br\/index.php\/wp-json\/wp\/v2\/posts\/60819\/revisions\/60841"}],"wp:featuredmedia":[{"embeddable":true,"href":"https:\/\/www.portalalerta.com.br\/index.php\/wp-json\/wp\/v2\/media\/60814"}],"wp:attachment":[{"href":"https:\/\/www.portalalerta.com.br\/index.php\/wp-json\/wp\/v2\/media?parent=60819"}],"wp:term":[{"taxonomy":"category","embeddable":true,"href":"https:\/\/www.portalalerta.com.br\/index.php\/wp-json\/wp\/v2\/categories?post=60819"},{"taxonomy":"post_tag","embeddable":true,"href":"https:\/\/www.portalalerta.com.br\/index.php\/wp-json\/wp\/v2\/tags?post=60819"}],"curies":[{"name":"wp","href":"https:\/\/api.w.org\/{rel}","templated":true}]}}