{"id":60821,"date":"2024-09-02T21:20:56","date_gmt":"2024-09-03T00:20:56","guid":{"rendered":"https:\/\/www.portalalerta.com.br\/?p=60821"},"modified":"2024-09-02T23:17:16","modified_gmt":"2024-09-03T02:17:16","slug":"presidente-da-cdl-destaca-crescimento-da-cidade-e-importancia-das-parcerias-para-os-consumidores","status":"publish","type":"post","link":"https:\/\/www.portalalerta.com.br\/index.php\/2024\/09\/02\/presidente-da-cdl-destaca-crescimento-da-cidade-e-importancia-das-parcerias-para-os-consumidores\/","title":{"rendered":"Ribeira do Pombal-BA inaugura Posto do Procon e fortalece defesa do Consumidor no Semi\u00e1rido Nordeste II"},"content":{"rendered":"\n<p>Presidente da CDL destaca crescimento da cidade e import\u00e2ncia das parcerias para os consumidores<\/p>\n\n\n\n<!--more-->\n\n\n\n<p>Na segunda-feira, 2 de setembro de 2024, Ribeira do Pombal celebrou a inaugura\u00e7\u00e3o do Posto de Atendimento do Procon-BA, um passo importante para a defesa dos direitos dos consumidores na regi\u00e3o. Vinculado \u00e0 Secretaria de Justi\u00e7a e Direitos Humanos (SJDH), o novo \u00f3rg\u00e3o atender\u00e1 a popula\u00e7\u00e3o de segunda a sexta-feira, das 7h \u00e0s 13h, por ordem de chegada. Al\u00e9m de Ribeira do Pombal, o posto beneficiar\u00e1 cidades vizinhas como Tucano, C\u00edcero Dantas, Ribeira do Amparo, Heli\u00f3polis e Banza\u00ea, e ser\u00e1 um ponto de refer\u00eancia para toda a regi\u00e3o do Semi\u00e1rido Nordeste II.<\/p>\n\n\n<div class=\"wp-block-image\">\n<figure class=\"aligncenter size-large\"><img fetchpriority=\"high\" decoding=\"async\" width=\"1024\" height=\"348\" src=\"https:\/\/www.portalalerta.com.br\/wp-content\/uploads\/2024\/07\/Real-Diversao-2024-1024x348.jpg\" alt=\"\" class=\"wp-image-58229\" srcset=\"https:\/\/www.portalalerta.com.br\/wp-content\/uploads\/2024\/07\/Real-Diversao-2024-1024x348.jpg 1024w, https:\/\/www.portalalerta.com.br\/wp-content\/uploads\/2024\/07\/Real-Diversao-2024-706x240.jpg 706w, https:\/\/www.portalalerta.com.br\/wp-content\/uploads\/2024\/07\/Real-Diversao-2024-768x261.jpg 768w, https:\/\/www.portalalerta.com.br\/wp-content\/uploads\/2024\/07\/Real-Diversao-2024.jpg 1280w\" sizes=\"(max-width: 1024px) 100vw, 1024px\" \/><\/figure><\/div>\n\n\n<p>O presidente da C\u00e2mara de Dirigentes Lojistas (CDL), Cleisson Cardoso, comentou sobre a import\u00e2ncia desse novo servi\u00e7o: \u201cRibeira do Pombal vive um grande momento, com a cidade crescendo como nunca e a instala\u00e7\u00e3o de \u00f3rg\u00e3os importantes. O com\u00e9rcio nunca foi e nem ser\u00e1 antagonista de iniciativas como esta. Pelo contr\u00e1rio, sempre desempenhamos um papel fundamental e pioneiro no desenvolvimento da cidade, sendo um dos pilares mais s\u00f3lidos da nossa economia. Se o objetivo \u00e9 melhorar as rela\u00e7\u00f5es de consumo, todos saem ganhando. Notamos um desejo m\u00fatuo de parceria, o que favorece nosso consumidor.\u201d<\/p>\n\n\n\n<p>A inaugura\u00e7\u00e3o do Procon reflete o compromisso da cidade com o fortalecimento das rela\u00e7\u00f5es de consumo, promovendo justi\u00e7a e bem-estar em toda a comunidade do Semi\u00e1rido Nordeste II.<\/p>\n\n\n\n<p><em>Fonte:\u00a0 Dia a Dia Nordeste<\/em><\/p>\n","protected":false},"excerpt":{"rendered":"<p>Presidente da CDL destaca crescimento da cidade e import\u00e2ncia das parcerias para os consumidores<\/p>\n","protected":false},"author":2,"featured_media":60816,"comment_status":"open","ping_status":"open","sticky":false,"template":"","format":"standard","meta":{"om_disable_all_campaigns":false,"_monsterinsights_skip_tracking":false,"_monsterinsights_sitenote_active":false,"_monsterinsights_sitenote_note":"","_monsterinsights_sitenote_category":0,"footnotes":""},"categories":[70,69,32,3],"tags":[100,71,48,75,4178,4180,129,107,4181,1536,132,230,106,203,120,51,402,109,88,47,111,190],"class_list":["post-60821","post","type-post","status-publish","format-standard","has-post-thumbnail","hentry","category-destaques","category-noticias2","category-regiao","category-ribeira-do-pombal","tag-adustina","tag-antas","tag-araci","tag-cicero-dantas","tag-cipo-2","tag-crisopolis-2","tag-euclides-da-cunha","tag-fatima","tag-heliopolis-2","tag-inauguracao","tag-itapicuru","tag-jeremoabo","tag-nova-soure","tag-novo-triunfo","tag-olindina","tag-paripiranga","tag-procon","tag-quijingue","tag-ribeira-do-amparo","tag-ribeira-do-pombal","tag-sitio-do-quinto","tag-tucano"],"aioseo_notices":[],"_links":{"self":[{"href":"https:\/\/www.portalalerta.com.br\/index.php\/wp-json\/wp\/v2\/posts\/60821","targetHints":{"allow":["GET"]}}],"collection":[{"href":"https:\/\/www.portalalerta.com.br\/index.php\/wp-json\/wp\/v2\/posts"}],"about":[{"href":"https:\/\/www.portalalerta.com.br\/index.php\/wp-json\/wp\/v2\/types\/post"}],"author":[{"embeddable":true,"href":"https:\/\/www.portalalerta.com.br\/index.php\/wp-json\/wp\/v2\/users\/2"}],"replies":[{"embeddable":true,"href":"https:\/\/www.portalalerta.com.br\/index.php\/wp-json\/wp\/v2\/comments?post=60821"}],"version-history":[{"count":3,"href":"https:\/\/www.portalalerta.com.br\/index.php\/wp-json\/wp\/v2\/posts\/60821\/revisions"}],"predecessor-version":[{"id":60838,"href":"https:\/\/www.portalalerta.com.br\/index.php\/wp-json\/wp\/v2\/posts\/60821\/revisions\/60838"}],"wp:featuredmedia":[{"embeddable":true,"href":"https:\/\/www.portalalerta.com.br\/index.php\/wp-json\/wp\/v2\/media\/60816"}],"wp:attachment":[{"href":"https:\/\/www.portalalerta.com.br\/index.php\/wp-json\/wp\/v2\/media?parent=60821"}],"wp:term":[{"taxonomy":"category","embeddable":true,"href":"https:\/\/www.portalalerta.com.br\/index.php\/wp-json\/wp\/v2\/categories?post=60821"},{"taxonomy":"post_tag","embeddable":true,"href":"https:\/\/www.portalalerta.com.br\/index.php\/wp-json\/wp\/v2\/tags?post=60821"}],"curies":[{"name":"wp","href":"https:\/\/api.w.org\/{rel}","templated":true}]}}