{"id":60823,"date":"2024-09-02T21:23:30","date_gmt":"2024-09-03T00:23:30","guid":{"rendered":"https:\/\/www.portalalerta.com.br\/?p=60823"},"modified":"2024-09-02T23:18:43","modified_gmt":"2024-09-03T02:18:43","slug":"procuradoria-geral-da-venezuela-solicita-mandado-de-prisao-contra-edmundo-gonzalez","status":"publish","type":"post","link":"https:\/\/www.portalalerta.com.br\/index.php\/2024\/09\/02\/procuradoria-geral-da-venezuela-solicita-mandado-de-prisao-contra-edmundo-gonzalez\/","title":{"rendered":"Procuradoria-geral da Venezuela solicita mandado de pris\u00e3o contra Edmundo Gonz\u00e1lez"},"content":{"rendered":"\n<p>Pedido acontece ap\u00f3s opositor ter ignorado tr\u00eas intima\u00e7\u00f5es para depoimento sobre site<\/p>\n\n\n\n<!--more-->\n\n\n\n<p>A Procuradoria-Geral da Venezuela solicitou um\u00a0mandado de pris\u00e3o contra Edmundo Gonz\u00e1lez\u00a0nesta segunda-feira (2), no \u00e2mbito de uma investiga\u00e7\u00e3o que procura apurar quem \u00e9 o respons\u00e1vel pelo site \u201cResultados com VZLA\u201d, que publicou supostas atas da elei\u00e7\u00e3o presidencial de 28 de julho.<\/p>\n\n\n<div class=\"wp-block-image\">\n<figure class=\"alignleft size-large is-resized\"><img fetchpriority=\"high\" decoding=\"async\" src=\"https:\/\/www.portalalerta.com.br\/wp-content\/uploads\/2024\/04\/Sabino-Tijolo-576x1024.jpg\" alt=\"\" class=\"wp-image-56164\" width=\"398\" height=\"708\" srcset=\"https:\/\/www.portalalerta.com.br\/wp-content\/uploads\/2024\/04\/Sabino-Tijolo-576x1024.jpg 576w, https:\/\/www.portalalerta.com.br\/wp-content\/uploads\/2024\/04\/Sabino-Tijolo-135x240.jpg 135w, https:\/\/www.portalalerta.com.br\/wp-content\/uploads\/2024\/04\/Sabino-Tijolo.jpg 591w\" sizes=\"(max-width: 398px) 100vw, 398px\" \/><\/figure><\/div>\n\n\n<p>Gonz\u00e1lez disputou a Presid\u00eancia da Venezuela contra Nicol\u00e1s Maduro. A oposi\u00e7\u00e3o acusa o governo de fraude.<\/p>\n\n\n\n<p>O pedido foi anunciado nas redes sociais nesta segunda e acontece depois de Gonz\u00e1lez\u00a0n\u00e3o ter comparecido \u00e0 sua terceira convoca\u00e7\u00e3o para depor\u00a0sobre o site. O Minist\u00e9rio P\u00fablico havia intimado o opositor a comparecer para dara explica\u00e7\u00f5es \u00e0s 10h da \u00faltima sexta-feira (30), no hor\u00e1rio local.<\/p>\n\n\n\n<p>O Minist\u00e9rio P\u00fablico acusa Gonz\u00e1lez dos crimes de usurpa\u00e7\u00e3o de fun\u00e7\u00f5es, falsifica\u00e7\u00e3o de documento p\u00fablico, instiga\u00e7\u00e3o \u00e0 desobedi\u00eancia \u00e0s leis, associa\u00e7\u00e3o para a pr\u00e1tica de crime e forma\u00e7\u00e3o de quadrilha. O opositor nega todas essas acusa\u00e7\u00f5es.<\/p>\n\n\n\n<p><strong>Oposi\u00e7\u00e3o diz que Gonz\u00e1lez venceu elei\u00e7\u00f5es<\/strong><\/p>\n\n\n\n<p>A institui\u00e7\u00e3o atribui a ele os crimes porque \u201cResultados con VZLA\u201d, que pertenceria ao partido de Gonz\u00e1lez, publicou supostas atas das elei\u00e7\u00f5es que mostravam que ele derrotou o presidente Nicol\u00e1s Maduro em v\u00e1rios locais de vota\u00e7\u00e3o.<\/p>\n\n\n\n<p>A Plataforma Unitaria Democr\u00e1tica (PUD) afirma que obteve esses registos atrav\u00e9s de fiscais eleitorais.<\/p>\n\n\n\n<p>O Conselho Nacional Eleitoral (CNE) proclamou Maduro vencedor, mas n\u00e3o divulgou os dados detalhados at\u00e9 agora, mais de um m\u00eas depois do dia discriminado por posto de vota\u00e7\u00e3o.<\/p>\n\n\n\n<p><em>Fonte: CNN<\/em><\/p>\n","protected":false},"excerpt":{"rendered":"<p>Pedido acontece ap\u00f3s opositor ter ignorado tr\u00eas intima\u00e7\u00f5es para depoimento sobre site<\/p>\n","protected":false},"author":2,"featured_media":60818,"comment_status":"open","ping_status":"open","sticky":false,"template":"","format":"standard","meta":{"om_disable_all_campaigns":false,"_monsterinsights_skip_tracking":false,"_monsterinsights_sitenote_active":false,"_monsterinsights_sitenote_note":"","_monsterinsights_sitenote_category":0,"footnotes":""},"categories":[70,35,69,21],"tags":[100,71,48,75,4178,4180,7370,129,107,4181,132,230,488,106,203,120,51,109,88,47,111,326],"class_list":["post-60823","post","type-post","status-publish","format-standard","has-post-thumbnail","hentry","category-destaques","category-mundo","category-noticias2","category-politica","tag-adustina","tag-antas","tag-araci","tag-cicero-dantas","tag-cipo-2","tag-crisopolis-2","tag-edmundo-gonzalez","tag-euclides-da-cunha","tag-fatima","tag-heliopolis-2","tag-itapicuru","tag-jeremoabo","tag-mandado-de-prisao","tag-nova-soure","tag-novo-triunfo","tag-olindina","tag-paripiranga","tag-quijingue","tag-ribeira-do-amparo","tag-ribeira-do-pombal","tag-sitio-do-quinto","tag-venezuela"],"aioseo_notices":[],"_links":{"self":[{"href":"https:\/\/www.portalalerta.com.br\/index.php\/wp-json\/wp\/v2\/posts\/60823","targetHints":{"allow":["GET"]}}],"collection":[{"href":"https:\/\/www.portalalerta.com.br\/index.php\/wp-json\/wp\/v2\/posts"}],"about":[{"href":"https:\/\/www.portalalerta.com.br\/index.php\/wp-json\/wp\/v2\/types\/post"}],"author":[{"embeddable":true,"href":"https:\/\/www.portalalerta.com.br\/index.php\/wp-json\/wp\/v2\/users\/2"}],"replies":[{"embeddable":true,"href":"https:\/\/www.portalalerta.com.br\/index.php\/wp-json\/wp\/v2\/comments?post=60823"}],"version-history":[{"count":2,"href":"https:\/\/www.portalalerta.com.br\/index.php\/wp-json\/wp\/v2\/posts\/60823\/revisions"}],"predecessor-version":[{"id":60839,"href":"https:\/\/www.portalalerta.com.br\/index.php\/wp-json\/wp\/v2\/posts\/60823\/revisions\/60839"}],"wp:featuredmedia":[{"embeddable":true,"href":"https:\/\/www.portalalerta.com.br\/index.php\/wp-json\/wp\/v2\/media\/60818"}],"wp:attachment":[{"href":"https:\/\/www.portalalerta.com.br\/index.php\/wp-json\/wp\/v2\/media?parent=60823"}],"wp:term":[{"taxonomy":"category","embeddable":true,"href":"https:\/\/www.portalalerta.com.br\/index.php\/wp-json\/wp\/v2\/categories?post=60823"},{"taxonomy":"post_tag","embeddable":true,"href":"https:\/\/www.portalalerta.com.br\/index.php\/wp-json\/wp\/v2\/tags?post=60823"}],"curies":[{"name":"wp","href":"https:\/\/api.w.org\/{rel}","templated":true}]}}