{"id":60897,"date":"2024-09-03T13:29:30","date_gmt":"2024-09-03T16:29:30","guid":{"rendered":"https:\/\/www.portalalerta.com.br\/?p=60897"},"modified":"2024-09-03T14:52:39","modified_gmt":"2024-09-03T17:52:39","slug":"milei-veta-reforma-da-previdencia-aprovada-pelo-congresso","status":"publish","type":"post","link":"https:\/\/www.portalalerta.com.br\/index.php\/2024\/09\/03\/milei-veta-reforma-da-previdencia-aprovada-pelo-congresso\/","title":{"rendered":"Milei veta reforma da Previd\u00eancia aprovada pelo Congresso"},"content":{"rendered":"\n<p>Governo diz que medida teria impacto nas contas p\u00fablicas<\/p>\n\n\n\n<!--more-->\n\n\n\n<ul class=\"wp-block-list\"><\/ul>\n\n\n\n<p>O presidente da Argentina, Javier Milei, vetou nesta segunda-feira (2) a reforma da Previd\u00eancia que foi aprovada pelo Congresso no m\u00eas passado, dizendo que a medida teria impacto nas contas p\u00fablicas, de acordo com publica\u00e7\u00e3o no di\u00e1rio oficial do pa\u00eds.<\/p>\n\n\n\n<p>O libert\u00e1rio de direita Milei assumiu o poder em dezembro e implementou medidas restritivas de austeridade como parte da estrat\u00e9gia de conter a infla\u00e7\u00e3o de tr\u00eas d\u00edgitos, apesar do aumento da pobreza no pa\u00eds sul-americano.<\/p>\n\n\n\n<p><strong><em>\u201cA administra\u00e7\u00e3o dos recursos p\u00fablicos deve ser feita com responsabilidade e de acordo com os princ\u00edpios p\u00fablicos e da boa administra\u00e7\u00e3o\u201d<\/em><\/strong>, disse o governo Milei na publica\u00e7\u00e3o vetando a reforma.<\/p>\n\n\n\n<p><strong><em>\u201cA reforma aprovada pelo Congresso est\u00e1 em clara viola\u00e7\u00e3o da estrutura legal atual, j\u00e1 que n\u00e3o considera o impacto fiscal da medida e n\u00e3o determina a fonte do seu financiamento\u201d<\/em><\/strong>, acrescentou.<\/p>\n\n\n\n<p>Parlamentares aprovaram em peso a reforma que aumentaria as pens\u00f5es de acordo com a infla\u00e7\u00e3o. O presidente j\u00e1 havia dito que a vetaria, o que aumentou a cis\u00e3o com o Congresso controlado pela oposi\u00e7\u00e3o.<\/p>\n\n\n\n<p><em>Fonte: CNN<\/em><\/p>\n","protected":false},"excerpt":{"rendered":"<p>Governo diz que medida teria impacto nas contas p\u00fablicas<\/p>\n","protected":false},"author":2,"featured_media":57158,"comment_status":"open","ping_status":"open","sticky":false,"template":"","format":"standard","meta":{"om_disable_all_campaigns":false,"_monsterinsights_skip_tracking":false,"_monsterinsights_sitenote_active":false,"_monsterinsights_sitenote_note":"","_monsterinsights_sitenote_category":0,"footnotes":""},"categories":[70,35,69,21],"tags":[297,6449,339,188],"class_list":["post-60897","post","type-post","status-publish","format-standard","has-post-thumbnail","hentry","category-destaques","category-mundo","category-noticias2","category-politica","tag-argentina","tag-javier-milei","tag-mundo","tag-reforma-da-previdencia"],"aioseo_notices":[],"_links":{"self":[{"href":"https:\/\/www.portalalerta.com.br\/index.php\/wp-json\/wp\/v2\/posts\/60897","targetHints":{"allow":["GET"]}}],"collection":[{"href":"https:\/\/www.portalalerta.com.br\/index.php\/wp-json\/wp\/v2\/posts"}],"about":[{"href":"https:\/\/www.portalalerta.com.br\/index.php\/wp-json\/wp\/v2\/types\/post"}],"author":[{"embeddable":true,"href":"https:\/\/www.portalalerta.com.br\/index.php\/wp-json\/wp\/v2\/users\/2"}],"replies":[{"embeddable":true,"href":"https:\/\/www.portalalerta.com.br\/index.php\/wp-json\/wp\/v2\/comments?post=60897"}],"version-history":[{"count":2,"href":"https:\/\/www.portalalerta.com.br\/index.php\/wp-json\/wp\/v2\/posts\/60897\/revisions"}],"predecessor-version":[{"id":60914,"href":"https:\/\/www.portalalerta.com.br\/index.php\/wp-json\/wp\/v2\/posts\/60897\/revisions\/60914"}],"wp:featuredmedia":[{"embeddable":true,"href":"https:\/\/www.portalalerta.com.br\/index.php\/wp-json\/wp\/v2\/media\/57158"}],"wp:attachment":[{"href":"https:\/\/www.portalalerta.com.br\/index.php\/wp-json\/wp\/v2\/media?parent=60897"}],"wp:term":[{"taxonomy":"category","embeddable":true,"href":"https:\/\/www.portalalerta.com.br\/index.php\/wp-json\/wp\/v2\/categories?post=60897"},{"taxonomy":"post_tag","embeddable":true,"href":"https:\/\/www.portalalerta.com.br\/index.php\/wp-json\/wp\/v2\/tags?post=60897"}],"curies":[{"name":"wp","href":"https:\/\/api.w.org\/{rel}","templated":true}]}}