{"id":60900,"date":"2024-09-03T13:34:22","date_gmt":"2024-09-03T16:34:22","guid":{"rendered":"https:\/\/www.portalalerta.com.br\/?p=60900"},"modified":"2024-09-03T14:50:40","modified_gmt":"2024-09-03T17:50:40","slug":"urgente-justica-acata-pedido-do-ministerio-publico-e-determina-suspensao-da-copa-vela-2024-por-suspeitas-de-irregularidades-em-contratos","status":"publish","type":"post","link":"https:\/\/www.portalalerta.com.br\/index.php\/2024\/09\/03\/urgente-justica-acata-pedido-do-ministerio-publico-e-determina-suspensao-da-copa-vela-2024-por-suspeitas-de-irregularidades-em-contratos\/","title":{"rendered":"URGENTE \u2013 Justi\u00e7a acata pedido do Minist\u00e9rio P\u00fablico e determina suspens\u00e3o da Copa Vela 2024 por suspeitas de irregularidades em contratos"},"content":{"rendered":"\n<p>A Justi\u00e7a determinou a suspens\u00e3o da realiza\u00e7\u00e3o da Copa Vela 2024 em Paulo Afonso, Bahia, ap\u00f3s o Minist\u00e9rio P\u00fablico do Estado da Bahia (MP-BA) ajuizar uma A\u00e7\u00e3o Civil P\u00fablica com pedido de antecipa\u00e7\u00e3o provis\u00f3ria da tutela. O MP-BA solicitou a suspens\u00e3o do evento at\u00e9 que o munic\u00edpio sane as irregularidades apontadas na contrata\u00e7\u00e3o de artistas e na estrutura log\u00edstica do evento.<\/p>\n\n\n\n<!--more-->\n\n\n\n<p>De acordo com a decis\u00e3o, o evento, que estava programado para ocorrer entre os dias 5 e 8 de setembro, deve ser suspenso at\u00e9 que uma decis\u00e3o judicial confirme o saneamento das irregularidades. Caso as falhas n\u00e3o sejam corrigidas, o munic\u00edpio ficar\u00e1 impedido de realizar qualquer contrata\u00e7\u00e3o para o evento ou, em \u00faltima inst\u00e2ncia, ser\u00e1 obrigado a cancelar a Copa Vela 2024.<\/p>\n\n\n\n<p>O Minist\u00e9rio P\u00fablico apontou ind\u00edcios de sobrepre\u00e7o e superfaturamento nos contratos firmados para a realiza\u00e7\u00e3o do evento, destacando valores superiores \u00e0 m\u00e9dia de mercado para artistas como Wesley Safad\u00e3o, Mari Fernandez e Seu Jorge.<\/p>\n\n\n<div class=\"wp-block-image\">\n<figure class=\"alignleft size-large is-resized\"><img fetchpriority=\"high\" decoding=\"async\" src=\"https:\/\/www.portalalerta.com.br\/wp-content\/uploads\/2024\/04\/autoescola-emprego-1024x1024.jpg\" alt=\"\" class=\"wp-image-55693\" width=\"435\" height=\"435\" srcset=\"https:\/\/www.portalalerta.com.br\/wp-content\/uploads\/2024\/04\/autoescola-emprego-1024x1024.jpg 1024w, https:\/\/www.portalalerta.com.br\/wp-content\/uploads\/2024\/04\/autoescola-emprego-240x240.jpg 240w, https:\/\/www.portalalerta.com.br\/wp-content\/uploads\/2024\/04\/autoescola-emprego-768x768.jpg 768w, https:\/\/www.portalalerta.com.br\/wp-content\/uploads\/2024\/04\/autoescola-emprego.jpg 1080w\" sizes=\"(max-width: 435px) 100vw, 435px\" \/><\/figure><\/div>\n\n\n<p><strong><em>\u201cMerece destaque, por exemplo, a compara\u00e7\u00e3o apresentada quanto ao artista Durval Lelys, que foi contratado em outros locais para cantar nos festejos juninos de 2024 por valores que n\u00e3o ultrapassaram R$ 280 mil. Agora, em menos de tr\u00eas meses, em um per\u00edodo que n\u00e3o \u00e9 considerado \u201calta esta\u00e7\u00e3o\u201d<\/em><\/strong> (como ocorre no S\u00e3o Jo\u00e3o, R\u00e9veillon e Carnaval), ele foi contratado pelo Munic\u00edpio de Paulo Afonso para o evento Copa Vela por R$ 400 mil\u201d, diz o documento.<\/p>\n\n\n\n<p>A a\u00e7\u00e3o cita ainda a realiza\u00e7\u00e3o de um preg\u00e3o eletr\u00f4nico no valor estimado de R$ 11,4 milh\u00f5es para a infraestrutura do evento, valor considerado desproporcional. Diante dos fatos, a Justi\u00e7a considerou que havia elementos suficientes para conceder a liminar solicitada pelo MP-BA, ressaltando a necessidade de prote\u00e7\u00e3o do interesse p\u00fablico e da correta aplica\u00e7\u00e3o dos recursos p\u00fablicos.<\/p>\n\n\n\n<p>O munic\u00edpio de Paulo Afonso deve, agora, se abster de qualquer nova contrata\u00e7\u00e3o ou execu\u00e7\u00e3o de contratos j\u00e1 firmados para a Copa Vela 2024, sob pena de multa di\u00e1ria de R$ 100 mil ao gestor municipal. Cabe recurso.<\/p>\n\n\n\n<p><em>Fonte: Pa4 Ozildo<\/em><\/p>\n","protected":false},"excerpt":{"rendered":"<p>A Justi\u00e7a determinou a suspens\u00e3o da realiza\u00e7\u00e3o da Copa Vela 2024 em Paulo Afonso, Bahia, ap\u00f3s o Minist\u00e9rio P\u00fablico do Estado da Bahia (MP-BA) ajuizar uma A\u00e7\u00e3o Civil P\u00fablica com pedido de antecipa\u00e7\u00e3o provis\u00f3ria da tutela. O MP-BA solicitou a suspens\u00e3o do evento at\u00e9 que o munic\u00edpio sane as irregularidades apontadas na contrata\u00e7\u00e3o de artistas &hellip;<\/p>\n","protected":false},"author":2,"featured_media":60829,"comment_status":"open","ping_status":"open","sticky":false,"template":"","format":"standard","meta":{"om_disable_all_campaigns":false,"_monsterinsights_skip_tracking":false,"_monsterinsights_sitenote_active":false,"_monsterinsights_sitenote_note":"","_monsterinsights_sitenote_category":0,"footnotes":""},"categories":[33,70,36,69],"tags":[100,71,48,75,4178,7372,4180,129,107,4181,132,230,270,106,203,120,51,118,109,88,47,111,748,190],"class_list":["post-60900","post","type-post","status-publish","format-standard","has-post-thumbnail","hentry","category-bahia","category-destaques","category-lazer","category-noticias2","tag-adustina","tag-antas","tag-araci","tag-cicero-dantas","tag-cipo-2","tag-copa-vela","tag-crisopolis-2","tag-euclides-da-cunha","tag-fatima","tag-heliopolis-2","tag-itapicuru","tag-jeremoabo","tag-justica","tag-nova-soure","tag-novo-triunfo","tag-olindina","tag-paripiranga","tag-paulo-afonso","tag-quijingue","tag-ribeira-do-amparo","tag-ribeira-do-pombal","tag-sitio-do-quinto","tag-suspensao","tag-tucano"],"aioseo_notices":[],"_links":{"self":[{"href":"https:\/\/www.portalalerta.com.br\/index.php\/wp-json\/wp\/v2\/posts\/60900","targetHints":{"allow":["GET"]}}],"collection":[{"href":"https:\/\/www.portalalerta.com.br\/index.php\/wp-json\/wp\/v2\/posts"}],"about":[{"href":"https:\/\/www.portalalerta.com.br\/index.php\/wp-json\/wp\/v2\/types\/post"}],"author":[{"embeddable":true,"href":"https:\/\/www.portalalerta.com.br\/index.php\/wp-json\/wp\/v2\/users\/2"}],"replies":[{"embeddable":true,"href":"https:\/\/www.portalalerta.com.br\/index.php\/wp-json\/wp\/v2\/comments?post=60900"}],"version-history":[{"count":2,"href":"https:\/\/www.portalalerta.com.br\/index.php\/wp-json\/wp\/v2\/posts\/60900\/revisions"}],"predecessor-version":[{"id":60913,"href":"https:\/\/www.portalalerta.com.br\/index.php\/wp-json\/wp\/v2\/posts\/60900\/revisions\/60913"}],"wp:featuredmedia":[{"embeddable":true,"href":"https:\/\/www.portalalerta.com.br\/index.php\/wp-json\/wp\/v2\/media\/60829"}],"wp:attachment":[{"href":"https:\/\/www.portalalerta.com.br\/index.php\/wp-json\/wp\/v2\/media?parent=60900"}],"wp:term":[{"taxonomy":"category","embeddable":true,"href":"https:\/\/www.portalalerta.com.br\/index.php\/wp-json\/wp\/v2\/categories?post=60900"},{"taxonomy":"post_tag","embeddable":true,"href":"https:\/\/www.portalalerta.com.br\/index.php\/wp-json\/wp\/v2\/tags?post=60900"}],"curies":[{"name":"wp","href":"https:\/\/api.w.org\/{rel}","templated":true}]}}