{"id":60987,"date":"2024-09-04T07:01:00","date_gmt":"2024-09-04T10:01:00","guid":{"rendered":"https:\/\/www.portalalerta.com.br\/?p=60987"},"modified":"2024-09-04T10:42:59","modified_gmt":"2024-09-04T13:42:59","slug":"brasil-e-colombia-manifestam-profunda-preocupacao-apos-mandado-de-prisao-contra-gonzalez","status":"publish","type":"post","link":"https:\/\/www.portalalerta.com.br\/index.php\/2024\/09\/04\/brasil-e-colombia-manifestam-profunda-preocupacao-apos-mandado-de-prisao-contra-gonzalez\/","title":{"rendered":"Brasil e Col\u00f4mbia manifestam \u201cprofunda preocupa\u00e7\u00e3o\u201d ap\u00f3s mandado de pris\u00e3o contra Gonz\u00e1lez"},"content":{"rendered":"\n<p>Comunicado conjunto destaca que ordem dificulta &#8220;busca por solu\u00e7\u00e3o pac\u00edfica&#8221;<\/p>\n\n\n\n<!--more-->\n\n\n\n<p>Os governos do Brasil e da Col\u00f4mbia emitiram um comunicado em conjunto em rea\u00e7\u00e3o \u00e0 emiss\u00e3o de um mandado de pris\u00e3o contra o opositor venezuelano\u00a0Edmundo Gonz\u00e1lez, nesta ter\u00e7a-feira (3).<\/p>\n\n\n\n<p><strong><em>\u201cOs governos de Brasil e Col\u00f4mbia manifestam profunda preocupa\u00e7\u00e3o com a\u00a0ordem de apreens\u00e3o emitida pela Justi\u00e7a venezuelana\u00a0contra o candidato presidencial Edmundo Gonz\u00e1lez Urrutia, no dia de ontem, 2 de setembro\u201d<\/em><\/strong>, destaca-se no texto do Itamaraty.<\/p>\n\n\n<div class=\"wp-block-image\">\n<figure class=\"alignleft size-large is-resized\"><img fetchpriority=\"high\" decoding=\"async\" src=\"https:\/\/www.portalalerta.com.br\/wp-content\/uploads\/2024\/04\/autoescola-emprego-1024x1024.jpg\" alt=\"\" class=\"wp-image-55693\" width=\"396\" height=\"396\" srcset=\"https:\/\/www.portalalerta.com.br\/wp-content\/uploads\/2024\/04\/autoescola-emprego-1024x1024.jpg 1024w, https:\/\/www.portalalerta.com.br\/wp-content\/uploads\/2024\/04\/autoescola-emprego-240x240.jpg 240w, https:\/\/www.portalalerta.com.br\/wp-content\/uploads\/2024\/04\/autoescola-emprego-768x768.jpg 768w, https:\/\/www.portalalerta.com.br\/wp-content\/uploads\/2024\/04\/autoescola-emprego.jpg 1080w\" sizes=\"(max-width: 396px) 100vw, 396px\" \/><\/figure><\/div>\n\n\n<p>O comunicado ainda acrescenta que a medida judicial <strong><em>\u201cafeta gravemente os compromissos assumidos pelo Governo venezuelano no \u00e2mbito dos Acordos de Barbados, em que governo e oposi\u00e7\u00e3o reafirmaram seu compromisso com o fortalecimento da democracia e a promo\u00e7\u00e3o de uma cultura de toler\u00e2ncia e conviv\u00eancia.\u201d<\/em><\/strong><\/p>\n\n\n\n<p><strong><em>\u201cDificulta, ademais, a busca por solu\u00e7\u00e3o pac\u00edfica, com base no di\u00e1logo entre as principais for\u00e7as pol\u00edticas venezuelanas\u201d<\/em><\/strong>, conclui-se na declara\u00e7\u00e3o dos governos brasileiro e colombiano.<\/p>\n\n\n\n<p>A Justi\u00e7a venezuelana\u00a0emitiu o\u00a0mandado contra Gonz\u00e1lez\u00a0na segunda-feira (2), ap\u00f3s pedido do Minist\u00e9rio P\u00fablico do pa\u00eds.<\/p>\n\n\n\n<p>Ele \u00e9 acusado dos crimes de usurpa\u00e7\u00e3o de fun\u00e7\u00f5es, falsifica\u00e7\u00e3o de documento p\u00fablico, instiga\u00e7\u00e3o \u00e0 desobedi\u00eancia \u00e0s leis, associa\u00e7\u00e3o para a pr\u00e1tica de crime e forma\u00e7\u00e3o de quadrilha.<\/p>\n\n\n\n<p>O pedido de pris\u00e3o do Minist\u00e9rio P\u00fablico aconteceu depois do opositor\u00a0n\u00e3o ter comparecido \u00e0 sua terceira convoca\u00e7\u00e3o para depor\u00a0sobre o site \u201cResultados com VZLA\u201d, que publicou supostas atas da elei\u00e7\u00e3o presidencial de 28 de julho.<\/p>\n\n\n\n<p><strong>Repercuss\u00e3o da comunidade internacional<\/strong><\/p>\n\n\n\n<p>A Secretaria-Geral da Organiza\u00e7\u00e3o dos Estados Americanos (OEA)\u00a0emitiu uma nota condenando o mandado de pris\u00e3o\u00a0contra Edmundo Gonz\u00e1lez, opositor que disputou a Presid\u00eancia da Venezuela contra Nicol\u00e1s Maduro.<\/p>\n\n\n\n<p>O texto afirma que o caso \u00e9 persegui\u00e7\u00e3o pol\u00edtica e que <em><strong>\u201cconstitui mais um crime\u201d<\/strong><\/em>. Al\u00e9m disso, o \u00f3rg\u00e3o diz que o poder judicial da Venezuela toma a\u00e7\u00f5es que o <strong><em>\u201capontam como instrumento fundamental na execu\u00e7\u00e3o de crimes contra a humanidade no pa\u00eds\u201d.<\/em><\/strong><\/p>\n\n\n\n<p>Os\u00a0Estados Unidos tamb\u00e9m condenaram\u00a0o mandado de pris\u00e3o emitido\u00a0na segunda-feira (2) na Venezuela contra o ex-candidato presidencial.<\/p>\n\n\n\n<p>O porta-voz do Conselho de Seguran\u00e7a Nacional, John Kirby, disse aos rep\u00f3rteres que eles est\u00e3o <strong><em>\u201cconsiderando uma s\u00e9rie de op\u00e7\u00f5es\u201d<\/em><\/strong> para demonstrar a Maduro e seus representantes que suas a\u00e7\u00f5es na Venezuela ter\u00e3o consequ\u00eancias.<\/p>\n\n\n\n<p>Ele chamou a ordem de <strong><em>\u201capenas mais um exemplo dos esfor\u00e7os de Maduro para manter o poder pela for\u00e7a e se recusar a reconhecer que Gonz\u00e1lez obteve a maioria dos votos\u201d<\/em><\/strong>.<\/p>\n\n\n\n<p>Diversos\u00a0pa\u00edses latino-americanos criticaram o mandado. O chefe de Pol\u00edtica Externa da Uni\u00e3o Europeia, Josep Borrell,\u00a0tamb\u00e9m condenou a medida.<\/p>\n\n\n\n<p><em>Fonte: CNN Brasil<\/em><\/p>\n","protected":false},"excerpt":{"rendered":"<p>Comunicado conjunto destaca que ordem dificulta &#8220;busca por solu\u00e7\u00e3o pac\u00edfica&#8221;<\/p>\n","protected":false},"author":2,"featured_media":60818,"comment_status":"open","ping_status":"open","sticky":false,"template":"","format":"standard","meta":{"om_disable_all_campaigns":false,"_monsterinsights_skip_tracking":false,"_monsterinsights_sitenote_active":false,"_monsterinsights_sitenote_note":"","_monsterinsights_sitenote_category":0,"footnotes":""},"categories":[34,70,35,69,21],"tags":[100,71,48,93,75,4178,992,4180,129,107,4181,132,230,106,203,120,51,109,88,47,111,190,326],"class_list":["post-60987","post","type-post","status-publish","format-standard","has-post-thumbnail","hentry","category-brasil","category-destaques","category-mundo","category-noticias2","category-politica","tag-adustina","tag-antas","tag-araci","tag-brasil","tag-cicero-dantas","tag-cipo-2","tag-colombia","tag-crisopolis-2","tag-euclides-da-cunha","tag-fatima","tag-heliopolis-2","tag-itapicuru","tag-jeremoabo","tag-nova-soure","tag-novo-triunfo","tag-olindina","tag-paripiranga","tag-quijingue","tag-ribeira-do-amparo","tag-ribeira-do-pombal","tag-sitio-do-quinto","tag-tucano","tag-venezuela"],"aioseo_notices":[],"_links":{"self":[{"href":"https:\/\/www.portalalerta.com.br\/index.php\/wp-json\/wp\/v2\/posts\/60987","targetHints":{"allow":["GET"]}}],"collection":[{"href":"https:\/\/www.portalalerta.com.br\/index.php\/wp-json\/wp\/v2\/posts"}],"about":[{"href":"https:\/\/www.portalalerta.com.br\/index.php\/wp-json\/wp\/v2\/types\/post"}],"author":[{"embeddable":true,"href":"https:\/\/www.portalalerta.com.br\/index.php\/wp-json\/wp\/v2\/users\/2"}],"replies":[{"embeddable":true,"href":"https:\/\/www.portalalerta.com.br\/index.php\/wp-json\/wp\/v2\/comments?post=60987"}],"version-history":[{"count":2,"href":"https:\/\/www.portalalerta.com.br\/index.php\/wp-json\/wp\/v2\/posts\/60987\/revisions"}],"predecessor-version":[{"id":61003,"href":"https:\/\/www.portalalerta.com.br\/index.php\/wp-json\/wp\/v2\/posts\/60987\/revisions\/61003"}],"wp:featuredmedia":[{"embeddable":true,"href":"https:\/\/www.portalalerta.com.br\/index.php\/wp-json\/wp\/v2\/media\/60818"}],"wp:attachment":[{"href":"https:\/\/www.portalalerta.com.br\/index.php\/wp-json\/wp\/v2\/media?parent=60987"}],"wp:term":[{"taxonomy":"category","embeddable":true,"href":"https:\/\/www.portalalerta.com.br\/index.php\/wp-json\/wp\/v2\/categories?post=60987"},{"taxonomy":"post_tag","embeddable":true,"href":"https:\/\/www.portalalerta.com.br\/index.php\/wp-json\/wp\/v2\/tags?post=60987"}],"curies":[{"name":"wp","href":"https:\/\/api.w.org\/{rel}","templated":true}]}}