{"id":60990,"date":"2024-09-04T07:02:00","date_gmt":"2024-09-04T10:02:00","guid":{"rendered":"https:\/\/www.portalalerta.com.br\/?p=60990"},"modified":"2024-09-04T10:36:27","modified_gmt":"2024-09-04T13:36:27","slug":"representantes-da-seguranca-publica-e-da-administracao-municipal-se-reunem-para-definir-estrategias-para-a-realizacao-de-festejos-em-cipo-ba","status":"publish","type":"post","link":"https:\/\/www.portalalerta.com.br\/index.php\/2024\/09\/04\/representantes-da-seguranca-publica-e-da-administracao-municipal-se-reunem-para-definir-estrategias-para-a-realizacao-de-festejos-em-cipo-ba\/","title":{"rendered":"Medidas de seguran\u00e7a para os festejos de Cip\u00f3-BA, incluem restri\u00e7\u00f5es \u00e0 circula\u00e7\u00e3o de ve\u00edculos e a vendas de bebidas em garrafas de vidro"},"content":{"rendered":"\n<p>Na \u00faltima sexta-feira (30), o munic\u00edpio de Cip\u00f3-BA sediou uma reuni\u00e3o entre as for\u00e7as de seguran\u00e7a P\u00fablica, e representantes da administra\u00e7\u00e3o municipal.<\/p>\n\n\n\n<!--more-->\n\n\n\n<p>Na pauta foram discutidas estrat\u00e9gias para que os eventos festivos aconte\u00e7am com o m\u00e1ximo de seguran\u00e7a. Entre as medidas, foram estabelecidas restri\u00e7\u00f5es \u00e0 circula\u00e7\u00e3o de ve\u00edculos no local destinado aos eventos, bem como a proibi\u00e7\u00e3o de venda de bebidas em garrafas de vidro. O munic\u00edpio tamb\u00e9m ir\u00e1 instalar portais de acesso, que facilitar\u00e1 nas revistas dos foli\u00f5es.<\/p>\n\n\n<div class=\"wp-block-image\">\n<figure class=\"aligncenter size-large\"><img fetchpriority=\"high\" decoding=\"async\" width=\"1024\" height=\"348\" src=\"https:\/\/www.portalalerta.com.br\/wp-content\/uploads\/2024\/07\/Real-Diversao-2024-1024x348.jpg\" alt=\"\" class=\"wp-image-58229\" srcset=\"https:\/\/www.portalalerta.com.br\/wp-content\/uploads\/2024\/07\/Real-Diversao-2024-1024x348.jpg 1024w, https:\/\/www.portalalerta.com.br\/wp-content\/uploads\/2024\/07\/Real-Diversao-2024-706x240.jpg 706w, https:\/\/www.portalalerta.com.br\/wp-content\/uploads\/2024\/07\/Real-Diversao-2024-768x261.jpg 768w, https:\/\/www.portalalerta.com.br\/wp-content\/uploads\/2024\/07\/Real-Diversao-2024.jpg 1280w\" sizes=\"(max-width: 1024px) 100vw, 1024px\" \/><\/figure><\/div>\n\n\n<p>Al\u00e9m da Pol\u00edcia Militar, que foi representada pelo comandante da 21\u00aa CIPM, o Maj PM Cirne, estiveram presentes: o delegado da Pol\u00edcia Civil, Dr. Pl\u00ednio; o chefe de Pol\u00edcia da 7\u00aa Delegacia PRF, Gilton Henrique, secret\u00e1rios municipais, bem como o Padre da cidade. A reuni\u00e3o aconteceu na sede da 21\u00aa CIPM.<\/p>\n\n\n\n<p>Os festejos de Cip\u00f3 ir\u00e3o acontecer no pr\u00f3ximo s\u00e1bado (07), com desfile c\u00edvico a partir das 08h, e no per\u00edodo noturno festa com apresenta\u00e7\u00f5es musicais, tendo Tarc\u00edsio do Acordeon como a principal atra\u00e7\u00e3o.<\/p>\n\n\n\n<p><em>Reda\u00e7\u00e3o: Portal Alerta<\/em><\/p>\n","protected":false},"excerpt":{"rendered":"<p>Na \u00faltima sexta-feira (30), o munic\u00edpio de Cip\u00f3-BA sediou uma reuni\u00e3o entre as for\u00e7as de seguran\u00e7a P\u00fablica, e representantes da administra\u00e7\u00e3o municipal.<\/p>\n","protected":false},"author":2,"featured_media":60991,"comment_status":"open","ping_status":"open","sticky":false,"template":"","format":"standard","meta":{"om_disable_all_campaigns":false,"_monsterinsights_skip_tracking":false,"_monsterinsights_sitenote_active":false,"_monsterinsights_sitenote_note":"","_monsterinsights_sitenote_category":0,"footnotes":""},"categories":[13,70,36,69,32,22],"tags":[4178,344],"class_list":["post-60990","post","type-post","status-publish","format-standard","has-post-thumbnail","hentry","category-cipo","category-destaques","category-lazer","category-noticias2","category-regiao","category-seguranca","tag-cipo-2","tag-festa"],"aioseo_notices":[],"_links":{"self":[{"href":"https:\/\/www.portalalerta.com.br\/index.php\/wp-json\/wp\/v2\/posts\/60990","targetHints":{"allow":["GET"]}}],"collection":[{"href":"https:\/\/www.portalalerta.com.br\/index.php\/wp-json\/wp\/v2\/posts"}],"about":[{"href":"https:\/\/www.portalalerta.com.br\/index.php\/wp-json\/wp\/v2\/types\/post"}],"author":[{"embeddable":true,"href":"https:\/\/www.portalalerta.com.br\/index.php\/wp-json\/wp\/v2\/users\/2"}],"replies":[{"embeddable":true,"href":"https:\/\/www.portalalerta.com.br\/index.php\/wp-json\/wp\/v2\/comments?post=60990"}],"version-history":[{"count":3,"href":"https:\/\/www.portalalerta.com.br\/index.php\/wp-json\/wp\/v2\/posts\/60990\/revisions"}],"predecessor-version":[{"id":60999,"href":"https:\/\/www.portalalerta.com.br\/index.php\/wp-json\/wp\/v2\/posts\/60990\/revisions\/60999"}],"wp:featuredmedia":[{"embeddable":true,"href":"https:\/\/www.portalalerta.com.br\/index.php\/wp-json\/wp\/v2\/media\/60991"}],"wp:attachment":[{"href":"https:\/\/www.portalalerta.com.br\/index.php\/wp-json\/wp\/v2\/media?parent=60990"}],"wp:term":[{"taxonomy":"category","embeddable":true,"href":"https:\/\/www.portalalerta.com.br\/index.php\/wp-json\/wp\/v2\/categories?post=60990"},{"taxonomy":"post_tag","embeddable":true,"href":"https:\/\/www.portalalerta.com.br\/index.php\/wp-json\/wp\/v2\/tags?post=60990"}],"curies":[{"name":"wp","href":"https:\/\/api.w.org\/{rel}","templated":true}]}}