{"id":61397,"date":"2024-09-10T19:14:36","date_gmt":"2024-09-10T22:14:36","guid":{"rendered":"https:\/\/www.portalalerta.com.br\/?p=61397"},"modified":"2024-09-10T20:02:30","modified_gmt":"2024-09-10T23:02:30","slug":"helicoptero-vindo-da-venezuela-com-240-kg-de-drogas-e-interceptado-pela-fab-e-pf","status":"publish","type":"post","link":"https:\/\/www.portalalerta.com.br\/index.php\/2024\/09\/10\/helicoptero-vindo-da-venezuela-com-240-kg-de-drogas-e-interceptado-pela-fab-e-pf\/","title":{"rendered":"Helic\u00f3ptero vindo da Venezuela com 240 kg de drogas \u00e9 interceptado pela FAB e PF"},"content":{"rendered":"\n<p>Intercepta\u00e7\u00e3o faz parte da Opera\u00e7\u00e3o Ostium, que integra o Programa de Prote\u00e7\u00e3o Integrada de Fronteiras (PPIF)<\/p>\n\n\n\n<!--more-->\n\n\n\n<p>A For\u00e7a A\u00e9rea Brasileira (FAB) interceptou um helic\u00f3ptero transportando aproximadamente 240 kg de drogas, que havia entrado no espa\u00e7o a\u00e9reo brasileiro sem autoriza\u00e7\u00e3o. A opera\u00e7\u00e3o foi realizada em conjunto com a Pol\u00edcia Federal (PF) e contou com duas aeronaves A-29 Super Tucano e um helic\u00f3ptero H-60 Black Hawk.<\/p>\n\n\n\n<p>O helic\u00f3ptero estava vindo da Venezuela e foi interceptado pr\u00f3ximo a Manaus (AM), ap\u00f3s ser identificado como suspeito pelo Comando de Opera\u00e7\u00f5es Aeroespaciais (COMAE) por n\u00e3o apresentar plano de voo ao ingressar no espa\u00e7o a\u00e9reo brasileiro.<\/p>\n\n\n\n<p>Durante o acompanhamento discreto, um dos A-29 observou que a aeronave fez um pouso for\u00e7ado em uma \u00e1rea de mata.<\/p>\n\n\n\n<p>Os agentes da PF a bordo do H-60 Black Hawk se deslocaram ao local, apreendendo os 240 kg de skunk \u2014 uma varia\u00e7\u00e3o mais potente da maconha, com alto teor de THC. O piloto do helic\u00f3ptero, no entanto, conseguiu fugir pela mata.<\/p>\n\n\n\n<p>A intercepta\u00e7\u00e3o faz parte da Opera\u00e7\u00e3o Ostium, que integra o Programa de Prote\u00e7\u00e3o Integrada de Fronteiras (PPIF), focado em combater atividades il\u00edcitas no espa\u00e7o a\u00e9reo brasileiro por meio de a\u00e7\u00f5es coordenadas entre a FAB e os \u00f3rg\u00e3os de seguran\u00e7a p\u00fablica.<\/p>\n\n\n\n<p>O Major-Brigadeiro do Ar Jo\u00e3o Campos Ferreira Filho, Chefe do Estado-Maior Conjunto do COMAE, ressaltou que a opera\u00e7\u00e3o demonstra a capacidade de integrar os recursos aeroespaciais para combater o narcotr\u00e1fico de forma eficiente e coordenada.<\/p>\n\n\n\n<p>\u201cEssa a\u00e7\u00e3o demonstra nossa capacidade de integrar recursos aeroespaciais para combater o narcotr\u00e1fico e garantir a soberania do espa\u00e7o a\u00e9reo, especialmente em regi\u00f5es de fronteira, em coopera\u00e7\u00e3o com \u00f3rg\u00e3os nacionais e internacionais\u201d, afirmou.<\/p>\n\n\n\n<p><em>Fonte: CNN <\/em><\/p>\n","protected":false},"excerpt":{"rendered":"<p>Intercepta\u00e7\u00e3o faz parte da Opera\u00e7\u00e3o Ostium, que integra o Programa de Prote\u00e7\u00e3o Integrada de Fronteiras (PPIF)<\/p>\n","protected":false},"author":2,"featured_media":61398,"comment_status":"open","ping_status":"open","sticky":false,"template":"","format":"standard","meta":{"om_disable_all_campaigns":false,"_monsterinsights_skip_tracking":false,"_monsterinsights_sitenote_active":false,"_monsterinsights_sitenote_note":"","_monsterinsights_sitenote_category":0,"footnotes":""},"categories":[34,70,35,69,22],"tags":[100,71,48,93,75,4178,4180,129,107,4181,132,230,339,106,203,120,51,109,88,47,111,76,326],"class_list":["post-61397","post","type-post","status-publish","format-standard","has-post-thumbnail","hentry","category-brasil","category-destaques","category-mundo","category-noticias2","category-seguranca","tag-adustina","tag-antas","tag-araci","tag-brasil","tag-cicero-dantas","tag-cipo-2","tag-crisopolis-2","tag-euclides-da-cunha","tag-fatima","tag-heliopolis-2","tag-itapicuru","tag-jeremoabo","tag-mundo","tag-nova-soure","tag-novo-triunfo","tag-olindina","tag-paripiranga","tag-quijingue","tag-ribeira-do-amparo","tag-ribeira-do-pombal","tag-sitio-do-quinto","tag-trafico-de-drogas","tag-venezuela"],"aioseo_notices":[],"_links":{"self":[{"href":"https:\/\/www.portalalerta.com.br\/index.php\/wp-json\/wp\/v2\/posts\/61397","targetHints":{"allow":["GET"]}}],"collection":[{"href":"https:\/\/www.portalalerta.com.br\/index.php\/wp-json\/wp\/v2\/posts"}],"about":[{"href":"https:\/\/www.portalalerta.com.br\/index.php\/wp-json\/wp\/v2\/types\/post"}],"author":[{"embeddable":true,"href":"https:\/\/www.portalalerta.com.br\/index.php\/wp-json\/wp\/v2\/users\/2"}],"replies":[{"embeddable":true,"href":"https:\/\/www.portalalerta.com.br\/index.php\/wp-json\/wp\/v2\/comments?post=61397"}],"version-history":[{"count":2,"href":"https:\/\/www.portalalerta.com.br\/index.php\/wp-json\/wp\/v2\/posts\/61397\/revisions"}],"predecessor-version":[{"id":61403,"href":"https:\/\/www.portalalerta.com.br\/index.php\/wp-json\/wp\/v2\/posts\/61397\/revisions\/61403"}],"wp:featuredmedia":[{"embeddable":true,"href":"https:\/\/www.portalalerta.com.br\/index.php\/wp-json\/wp\/v2\/media\/61398"}],"wp:attachment":[{"href":"https:\/\/www.portalalerta.com.br\/index.php\/wp-json\/wp\/v2\/media?parent=61397"}],"wp:term":[{"taxonomy":"category","embeddable":true,"href":"https:\/\/www.portalalerta.com.br\/index.php\/wp-json\/wp\/v2\/categories?post=61397"},{"taxonomy":"post_tag","embeddable":true,"href":"https:\/\/www.portalalerta.com.br\/index.php\/wp-json\/wp\/v2\/tags?post=61397"}],"curies":[{"name":"wp","href":"https:\/\/api.w.org\/{rel}","templated":true}]}}