{"id":61434,"date":"2024-09-10T21:30:25","date_gmt":"2024-09-11T00:30:25","guid":{"rendered":"https:\/\/www.portalalerta.com.br\/?p=61434"},"modified":"2024-09-10T21:30:26","modified_gmt":"2024-09-11T00:30:26","slug":"governo-lula-e-condenado-a-indenizar-bolsonaro-e-michelle","status":"publish","type":"post","link":"https:\/\/www.portalalerta.com.br\/index.php\/2024\/09\/10\/governo-lula-e-condenado-a-indenizar-bolsonaro-e-michelle\/","title":{"rendered":"Governo Lula \u00e9 condenado a indenizar Bolsonaro e Michelle"},"content":{"rendered":"\n<p>M\u00f3veis ditos desaparecidos estavam em \u201cdepend\u00eancias diversas da resid\u00eancia oficial\u201d<\/p>\n\n\n\n<!--more-->\n\n\n<div class=\"wp-block-image\">\n<figure class=\"alignleft size-large is-resized\"><img fetchpriority=\"high\" decoding=\"async\" src=\"https:\/\/www.portalalerta.com.br\/wp-content\/uploads\/2024\/04\/Sabino-Tijolo-576x1024.jpg\" alt=\"\" class=\"wp-image-56164\" width=\"405\" height=\"718\"\/><\/figure><\/div>\n\n\n<p>O governo Lula foi condenado a pagar R$ 15 mil em indeniza\u00e7\u00e3o por danos morais ao ex-presidente Jair Bolsonaro e \u00e0 ex-primeira-dama Michelle Bolsonaro. A penalidade decorre do caso envolvendo o suposto sumi\u00e7o de 261 m\u00f3veis do Pal\u00e1cio da Alvorada. A decis\u00e3o, assinada pelo juiz Diego C\u00e2mara, \u00e9 desta segunda-feira (9).&nbsp;<\/p>\n\n\n\n<p>Em 2023, no in\u00edcio do mandato, o presidente Lula afirmou, sem apresentar provas, que os ex-ocupantes do Alvorada haviam \u201clevado tudo\u201d. No documento, o juiz Diego C\u00e2mara, da 17\u00aa Vara Federal da Justi\u00e7a do Distrito Federal, disse que a declara\u00e7\u00e3o de Lula gerou \u201cdano \u00e0 imagem e \u00e0 reputa\u00e7\u00e3o\u201d de Bolsonaro e de Michelle, j\u00e1 que ficou comprovado que \u201cos itens em refer\u00eancia sempre estivera sob guarda da Uni\u00e3o durante todo o per\u00edodo indicado\u201d.<\/p>\n\n\n\n<p>Na decis\u00e3o, o magistrado afirmou ainda que os coment\u00e1rios do atual presidente foram al\u00e9m do &#8220;direito de cr\u00edtica&#8221; ao sugerirem o envolvimento de seus advers\u00e1rios &#8220;em desvio de m\u00f3veis do pal\u00e1cio presidencial que, conforme apurado, sequer ocorreu&#8221;.<\/p>\n\n\n\n<p>Em mar\u00e7o deste ano, a Folha revelou que a Presid\u00eancia da Rep\u00fablica encontrou todos os bens do patrim\u00f4nio Pal\u00e1cio da Alvorada que estariam desaparecidos e que foram motivo de troca de farpas entre os casais presidenciais Lula da Silva e Bolsonaro.\u00a0Segundo a \u00a0Casa Civil, os m\u00f3veis estavam em \u201cdepend\u00eancias diversas da resid\u00eancia oficial\u201d. <\/p>\n\n\n\n<p>Fonte: METRO 1\u00a0\u00a0\u00a0\u00a0<\/p>\n","protected":false},"excerpt":{"rendered":"<p>M\u00f3veis ditos desaparecidos estavam em \u201cdepend\u00eancias diversas da resid\u00eancia oficial\u201d<\/p>\n","protected":false},"author":2,"featured_media":33518,"comment_status":"open","ping_status":"open","sticky":false,"template":"","format":"standard","meta":{"om_disable_all_campaigns":false,"_monsterinsights_skip_tracking":false,"_monsterinsights_sitenote_active":false,"_monsterinsights_sitenote_note":"","_monsterinsights_sitenote_category":0,"footnotes":""},"categories":[70,69],"tags":[],"class_list":["post-61434","post","type-post","status-publish","format-standard","has-post-thumbnail","hentry","category-destaques","category-noticias2"],"aioseo_notices":[],"_links":{"self":[{"href":"https:\/\/www.portalalerta.com.br\/index.php\/wp-json\/wp\/v2\/posts\/61434","targetHints":{"allow":["GET"]}}],"collection":[{"href":"https:\/\/www.portalalerta.com.br\/index.php\/wp-json\/wp\/v2\/posts"}],"about":[{"href":"https:\/\/www.portalalerta.com.br\/index.php\/wp-json\/wp\/v2\/types\/post"}],"author":[{"embeddable":true,"href":"https:\/\/www.portalalerta.com.br\/index.php\/wp-json\/wp\/v2\/users\/2"}],"replies":[{"embeddable":true,"href":"https:\/\/www.portalalerta.com.br\/index.php\/wp-json\/wp\/v2\/comments?post=61434"}],"version-history":[{"count":1,"href":"https:\/\/www.portalalerta.com.br\/index.php\/wp-json\/wp\/v2\/posts\/61434\/revisions"}],"predecessor-version":[{"id":61436,"href":"https:\/\/www.portalalerta.com.br\/index.php\/wp-json\/wp\/v2\/posts\/61434\/revisions\/61436"}],"wp:featuredmedia":[{"embeddable":true,"href":"https:\/\/www.portalalerta.com.br\/index.php\/wp-json\/wp\/v2\/media\/33518"}],"wp:attachment":[{"href":"https:\/\/www.portalalerta.com.br\/index.php\/wp-json\/wp\/v2\/media?parent=61434"}],"wp:term":[{"taxonomy":"category","embeddable":true,"href":"https:\/\/www.portalalerta.com.br\/index.php\/wp-json\/wp\/v2\/categories?post=61434"},{"taxonomy":"post_tag","embeddable":true,"href":"https:\/\/www.portalalerta.com.br\/index.php\/wp-json\/wp\/v2\/tags?post=61434"}],"curies":[{"name":"wp","href":"https:\/\/api.w.org\/{rel}","templated":true}]}}