{"id":61437,"date":"2024-09-10T21:34:15","date_gmt":"2024-09-11T00:34:15","guid":{"rendered":"https:\/\/www.portalalerta.com.br\/?p=61437"},"modified":"2024-09-10T21:34:17","modified_gmt":"2024-09-11T00:34:17","slug":"pesquisa-eleitoral-em-cicero-dantas-mostra-vinicius-do-sao-jose-na-frente-com-4892-das-intencoes-de-voto","status":"publish","type":"post","link":"https:\/\/www.portalalerta.com.br\/index.php\/2024\/09\/10\/pesquisa-eleitoral-em-cicero-dantas-mostra-vinicius-do-sao-jose-na-frente-com-4892-das-intencoes-de-voto\/","title":{"rendered":"Pesquisa Eleitoral em C\u00edcero Dantas Mostra Vin\u00edcius do S\u00e3o Jos\u00e9 na Frente com 48,92% das Inten\u00e7\u00f5es de Voto"},"content":{"rendered":"\n<p>Candidato lidera a corrida eleitoral, seguido por Kael Xavier com 37,41%; rejei\u00e7\u00e3o de Z\u00e9lito Ribeiro \u00e9 a mais alta com 27,82%<\/p>\n\n\n\n<!--more-->\n\n\n\n<p>Uma pesquisa eleitoral recente realizada pela&nbsp;<strong>Eipe Pesquisa<\/strong>, registrada sob o n\u00famero&nbsp;<strong>BA-05736\/2024<\/strong>, trouxe novos dados sobre a disputa pela prefeitura de&nbsp;<strong>C\u00edcero Dantas<\/strong>, a menos de um m\u00eas das elei\u00e7\u00f5es municipais de 2024. Com 500 eleitores entrevistados entre os dias&nbsp;<strong>30 de agosto e 2 de setembro<\/strong>, o levantamento mostrou que o candidato&nbsp;<strong>Vin\u00edcius do S\u00e3o Jos\u00e9<\/strong>&nbsp;lidera com&nbsp;<strong>48,92%<\/strong>&nbsp;das inten\u00e7\u00f5es de voto na pesquisa estimulada.<\/p>\n\n\n\n<p>Em segundo lugar, est\u00e1&nbsp;<strong>Kael Xavier<\/strong>, que registra&nbsp;<strong>37,41%<\/strong>&nbsp;das inten\u00e7\u00f5es de voto, seguido de&nbsp;<strong>Z\u00e9lito Ribeiro<\/strong>, que aparece com apenas&nbsp;<strong>5,04%<\/strong>. O \u00edndice de indecisos (NS\/NR) est\u00e1 em&nbsp;<strong>5,04%<\/strong>, enquanto votos em branco e nulos somam&nbsp;<strong>2,40%<\/strong>&nbsp;e&nbsp;<strong>1,20%<\/strong>, respectivamente.<\/p>\n\n\n\n<p>Na pesquisa espont\u00e2nea, Vin\u00edcius tamb\u00e9m lidera com&nbsp;<strong>46,52%<\/strong>, seguido por Kael Xavier com&nbsp;<strong>36,45%<\/strong>.<\/p>\n\n\n\n<p><strong>Rejei\u00e7\u00e3o<\/strong><\/p>\n\n\n\n<p>Outro dado importante levantado pela pesquisa foi o \u00edndice de rejei\u00e7\u00e3o dos candidatos.&nbsp;<strong>Z\u00e9lito Ribeiro<\/strong>&nbsp;lidera com&nbsp;<strong>27,82%<\/strong>&nbsp;de rejei\u00e7\u00e3o, seguido por&nbsp;<strong>Kael Xavier<\/strong>&nbsp;com&nbsp;<strong>24,22%<\/strong>, e&nbsp;<strong>Vin\u00edcius do S\u00e3o Jos\u00e9<\/strong>&nbsp;aparece com a menor rejei\u00e7\u00e3o, registrando&nbsp;<strong>19,18%<\/strong>. Um total de&nbsp;<strong>28,78%<\/strong>&nbsp;dos eleitores n\u00e3o souberam ou n\u00e3o responderam (NS\/NR).<\/p>\n\n\n\n<p><strong>Comparativo<\/strong><\/p>\n\n\n\n<p>Comparando os resultados da pesquisa atual com a anterior, observa-se uma clara consolida\u00e7\u00e3o do favoritismo de&nbsp;<strong>Vin\u00edcius do S\u00e3o Jos\u00e9<\/strong>. Na pesquisa anterior, divulgada no in\u00edcio de setembro, o candidato j\u00e1 aparecia na lideran\u00e7a, mas com uma diferen\u00e7a um pouco menor. Agora, ele apresenta&nbsp;<strong>48,92%<\/strong>&nbsp;das inten\u00e7\u00f5es de voto, ampliando sua vantagem sobre&nbsp;<strong>Kael Xavier<\/strong>, que continua em segundo lugar, com&nbsp;<strong>37,41%<\/strong>. A dist\u00e2ncia entre os dois aumentou, confirmando a tend\u00eancia de crescimento de Vin\u00edcius. Al\u00e9m disso, o \u00edndice de rejei\u00e7\u00e3o tamb\u00e9m refor\u00e7a essa vantagem, j\u00e1 que Vin\u00edcius mant\u00e9m a menor taxa entre os principais concorrentes, enquanto&nbsp;<strong>Z\u00e9lito Ribeiro<\/strong>&nbsp;lidera em rejei\u00e7\u00e3o.<\/p>\n\n\n\n<p>Fonte: Dia a Dia Nordeste<\/p>\n","protected":false},"excerpt":{"rendered":"<p>Candidato lidera a corrida eleitoral, seguido por Kael Xavier com 37,41%; rejei\u00e7\u00e3o de Z\u00e9lito Ribeiro \u00e9 a mais alta com 27,82%<\/p>\n","protected":false},"author":2,"featured_media":61402,"comment_status":"open","ping_status":"open","sticky":false,"template":"","format":"standard","meta":{"om_disable_all_campaigns":false,"_monsterinsights_skip_tracking":false,"_monsterinsights_sitenote_active":false,"_monsterinsights_sitenote_note":"","_monsterinsights_sitenote_category":0,"footnotes":""},"categories":[70,69],"tags":[],"class_list":["post-61437","post","type-post","status-publish","format-standard","has-post-thumbnail","hentry","category-destaques","category-noticias2"],"aioseo_notices":[],"_links":{"self":[{"href":"https:\/\/www.portalalerta.com.br\/index.php\/wp-json\/wp\/v2\/posts\/61437","targetHints":{"allow":["GET"]}}],"collection":[{"href":"https:\/\/www.portalalerta.com.br\/index.php\/wp-json\/wp\/v2\/posts"}],"about":[{"href":"https:\/\/www.portalalerta.com.br\/index.php\/wp-json\/wp\/v2\/types\/post"}],"author":[{"embeddable":true,"href":"https:\/\/www.portalalerta.com.br\/index.php\/wp-json\/wp\/v2\/users\/2"}],"replies":[{"embeddable":true,"href":"https:\/\/www.portalalerta.com.br\/index.php\/wp-json\/wp\/v2\/comments?post=61437"}],"version-history":[{"count":1,"href":"https:\/\/www.portalalerta.com.br\/index.php\/wp-json\/wp\/v2\/posts\/61437\/revisions"}],"predecessor-version":[{"id":61439,"href":"https:\/\/www.portalalerta.com.br\/index.php\/wp-json\/wp\/v2\/posts\/61437\/revisions\/61439"}],"wp:featuredmedia":[{"embeddable":true,"href":"https:\/\/www.portalalerta.com.br\/index.php\/wp-json\/wp\/v2\/media\/61402"}],"wp:attachment":[{"href":"https:\/\/www.portalalerta.com.br\/index.php\/wp-json\/wp\/v2\/media?parent=61437"}],"wp:term":[{"taxonomy":"category","embeddable":true,"href":"https:\/\/www.portalalerta.com.br\/index.php\/wp-json\/wp\/v2\/categories?post=61437"},{"taxonomy":"post_tag","embeddable":true,"href":"https:\/\/www.portalalerta.com.br\/index.php\/wp-json\/wp\/v2\/tags?post=61437"}],"curies":[{"name":"wp","href":"https:\/\/api.w.org\/{rel}","templated":true}]}}