{"id":61463,"date":"2024-09-12T14:45:15","date_gmt":"2024-09-12T17:45:15","guid":{"rendered":"https:\/\/www.portalalerta.com.br\/?p=61463"},"modified":"2024-09-12T14:56:17","modified_gmt":"2024-09-12T17:56:17","slug":"governo-da-bahia-abre-processo-seletivo-com-vagas-para-ribeira-do-pombal-e-outras-cidades","status":"publish","type":"post","link":"https:\/\/www.portalalerta.com.br\/index.php\/2024\/09\/12\/governo-da-bahia-abre-processo-seletivo-com-vagas-para-ribeira-do-pombal-e-outras-cidades\/","title":{"rendered":"Governo da Bahia Abre Processo Seletivo com Vagas para Ribeira do Pombal e Outras Cidades"},"content":{"rendered":"\n<p>Educadores t\u00eam at\u00e9 o dia 2 de outubro para se inscrever em sele\u00e7\u00e3o que oferece 1.624 vagas tempor\u00e1rias<\/p>\n\n\n\n<!--more-->\n\n\n\n<p>O&nbsp;<strong>Governo da Bahia<\/strong>&nbsp;abriu um processo seletivo que oferece&nbsp;<strong>1.624 vagas<\/strong>&nbsp;tempor\u00e1rias para educadores, com oportunidades distribu\u00eddas em v\u00e1rias cidades do estado, incluindo&nbsp;<strong>Ribeira do Pombal<\/strong>. A sele\u00e7\u00e3o faz parte do&nbsp;<strong>Regime Especial de Direito Administrativo (Reda)<\/strong>, com contratos de 36 meses, que podem ser prorrogados por igual per\u00edodo.<\/p>\n\n\n<div class=\"wp-block-image\">\n<figure class=\"alignleft size-large is-resized\"><img fetchpriority=\"high\" decoding=\"async\" src=\"https:\/\/www.portalalerta.com.br\/wp-content\/uploads\/2024\/04\/autoescola-emprego-1024x1024.jpg\" alt=\"\" class=\"wp-image-55693\" width=\"393\" height=\"393\" srcset=\"https:\/\/www.portalalerta.com.br\/wp-content\/uploads\/2024\/04\/autoescola-emprego-1024x1024.jpg 1024w, https:\/\/www.portalalerta.com.br\/wp-content\/uploads\/2024\/04\/autoescola-emprego-240x240.jpg 240w, https:\/\/www.portalalerta.com.br\/wp-content\/uploads\/2024\/04\/autoescola-emprego-768x768.jpg 768w, https:\/\/www.portalalerta.com.br\/wp-content\/uploads\/2024\/04\/autoescola-emprego.jpg 1080w\" sizes=\"(max-width: 393px) 100vw, 393px\" \/><\/figure><\/div>\n\n\n<p>Os profissionais selecionados ir\u00e3o trabalhar entre&nbsp;<strong>20h e 30h semanais<\/strong>, dependendo do cargo, e as inscri\u00e7\u00f5es estar\u00e3o abertas a partir do dia&nbsp;<strong>12 de setembro<\/strong>&nbsp;at\u00e9&nbsp;<strong>2 de outubro<\/strong>, por meio do site da organizadora do certame.<\/p>\n\n\n\n<p>A cidade de&nbsp;<strong>Ribeira do Pombal<\/strong>&nbsp;ser\u00e1 uma das sedes da prova, marcada para o dia&nbsp;<strong>17 de novembro<\/strong>, refor\u00e7ando a import\u00e2ncia do munic\u00edpio no cen\u00e1rio educacional da Bahia. Os educadores interessados em atuar em&nbsp;<strong>Ribeira do Pombal<\/strong>&nbsp;e outras cidades ter\u00e3o a oportunidade de concorrer para as seguintes fun\u00e7\u00f5es:<\/p>\n\n\n\n<ul class=\"wp-block-list\">\n<li><strong>Cuidador educacional<\/strong>: 509 vagas (30h semanais)<\/li>\n\n\n\n<li><strong>Int\u00e9rprete de libras<\/strong>: 173 vagas (20h semanais)<\/li>\n\n\n\n<li><strong>Instrutor de libras<\/strong>: 78 vagas (20h semanais)<\/li>\n\n\n\n<li><strong>Brailista<\/strong>: 101 vagas (20h semanais)<\/li>\n\n\n\n<li><strong>T\u00e9cnico de atendimento educacional especializado (AEE)<\/strong>: 763 vagas (20h semanais)<\/li>\n<\/ul>\n\n\n\n<p>A sele\u00e7\u00e3o oferece uma grande oportunidade para os educadores de&nbsp;<strong>Ribeira do Pombal<\/strong>&nbsp;e cidades vizinhas, que ter\u00e3o a chance de participar desse processo de qualifica\u00e7\u00e3o da educa\u00e7\u00e3o no estado.<\/p>\n\n\n\n<p>A previs\u00e3o \u00e9 que o processo seletivo seja homologado em&nbsp;<strong>17 de janeiro de 2025<\/strong>, marcando o in\u00edcio de um novo ciclo para a educa\u00e7\u00e3o na Bahia.<\/p>\n\n\n\n<p><em>Fonte:&nbsp; Dia a dia nordeste<\/em><\/p>\n","protected":false},"excerpt":{"rendered":"<p>Educadores t\u00eam at\u00e9 o dia 2 de outubro para se inscrever em sele\u00e7\u00e3o que oferece 1.624 vagas tempor\u00e1rias<\/p>\n","protected":false},"author":2,"featured_media":61464,"comment_status":"open","ping_status":"open","sticky":false,"template":"","format":"standard","meta":{"om_disable_all_campaigns":false,"_monsterinsights_skip_tracking":false,"_monsterinsights_sitenote_active":false,"_monsterinsights_sitenote_note":"","_monsterinsights_sitenote_category":0,"footnotes":""},"categories":[70,69],"tags":[],"class_list":["post-61463","post","type-post","status-publish","format-standard","has-post-thumbnail","hentry","category-destaques","category-noticias2"],"aioseo_notices":[],"_links":{"self":[{"href":"https:\/\/www.portalalerta.com.br\/index.php\/wp-json\/wp\/v2\/posts\/61463","targetHints":{"allow":["GET"]}}],"collection":[{"href":"https:\/\/www.portalalerta.com.br\/index.php\/wp-json\/wp\/v2\/posts"}],"about":[{"href":"https:\/\/www.portalalerta.com.br\/index.php\/wp-json\/wp\/v2\/types\/post"}],"author":[{"embeddable":true,"href":"https:\/\/www.portalalerta.com.br\/index.php\/wp-json\/wp\/v2\/users\/2"}],"replies":[{"embeddable":true,"href":"https:\/\/www.portalalerta.com.br\/index.php\/wp-json\/wp\/v2\/comments?post=61463"}],"version-history":[{"count":3,"href":"https:\/\/www.portalalerta.com.br\/index.php\/wp-json\/wp\/v2\/posts\/61463\/revisions"}],"predecessor-version":[{"id":61482,"href":"https:\/\/www.portalalerta.com.br\/index.php\/wp-json\/wp\/v2\/posts\/61463\/revisions\/61482"}],"wp:featuredmedia":[{"embeddable":true,"href":"https:\/\/www.portalalerta.com.br\/index.php\/wp-json\/wp\/v2\/media\/61464"}],"wp:attachment":[{"href":"https:\/\/www.portalalerta.com.br\/index.php\/wp-json\/wp\/v2\/media?parent=61463"}],"wp:term":[{"taxonomy":"category","embeddable":true,"href":"https:\/\/www.portalalerta.com.br\/index.php\/wp-json\/wp\/v2\/categories?post=61463"},{"taxonomy":"post_tag","embeddable":true,"href":"https:\/\/www.portalalerta.com.br\/index.php\/wp-json\/wp\/v2\/tags?post=61463"}],"curies":[{"name":"wp","href":"https:\/\/api.w.org\/{rel}","templated":true}]}}