{"id":61467,"date":"2024-09-12T14:48:05","date_gmt":"2024-09-12T17:48:05","guid":{"rendered":"https:\/\/www.portalalerta.com.br\/?p=61467"},"modified":"2024-09-12T14:55:18","modified_gmt":"2024-09-12T17:55:18","slug":"inmet-emite-alerta-de-vendaval-para-mais-de-200-cidades-na-bahia","status":"publish","type":"post","link":"https:\/\/www.portalalerta.com.br\/index.php\/2024\/09\/12\/inmet-emite-alerta-de-vendaval-para-mais-de-200-cidades-na-bahia\/","title":{"rendered":"Inmet emite alerta de vendaval para mais de 200 cidades na Bahia"},"content":{"rendered":"\n<p>Munic\u00edpios de regi\u00f5es como Nordeste, RMS e Extremo Oeste podem ter ventos com velocidade acima da m\u00e9dia.<\/p>\n\n\n\n<!--more-->\n\n\n\n<p>O Instituto Nacional de Meteorologia (Inmet) emitiu um alerta de vendaval com potencial de perigo para mais de 200 munic\u00edpios baianos. O aviso, que come\u00e7ou na quarta-feira (11) e se estende at\u00e9 esta quinta-feira (12), prev\u00ea ventos com velocidades entre 40 km\/h e 60 km\/h. Para compara\u00e7\u00e3o, ventos considerados fracos t\u00eam velocidades abaixo de 15 km\/h, de acordo com a escala de Beaufort.<\/p>\n\n\n<div class=\"wp-block-image\">\n<figure class=\"aligncenter size-large\"><img fetchpriority=\"high\" decoding=\"async\" width=\"1024\" height=\"348\" src=\"https:\/\/www.portalalerta.com.br\/wp-content\/uploads\/2024\/07\/Real-Diversao-2024-1024x348.jpg\" alt=\"\" class=\"wp-image-58229\" srcset=\"https:\/\/www.portalalerta.com.br\/wp-content\/uploads\/2024\/07\/Real-Diversao-2024-1024x348.jpg 1024w, https:\/\/www.portalalerta.com.br\/wp-content\/uploads\/2024\/07\/Real-Diversao-2024-706x240.jpg 706w, https:\/\/www.portalalerta.com.br\/wp-content\/uploads\/2024\/07\/Real-Diversao-2024-768x261.jpg 768w, https:\/\/www.portalalerta.com.br\/wp-content\/uploads\/2024\/07\/Real-Diversao-2024.jpg 1280w\" sizes=\"(max-width: 1024px) 100vw, 1024px\" \/><\/figure><\/div>\n\n\n<p>Apesar da for\u00e7a dos ventos, o risco de incidentes graves, como quedas de \u00e1rvores, \u00e9 baixo. No entanto, a popula\u00e7\u00e3o das \u00e1reas afetadas deve se manter atenta, especialmente em zonas com grande concentra\u00e7\u00e3o de \u00e1rvores e estruturas mais fr\u00e1geis. Na Bahia, as regi\u00f5es que mais sentir\u00e3o os efeitos do vendaval incluem o Centro Sul, Vale S\u00e3o-Franciscano, Nordeste, Centro Norte, Extremo Oeste e a Regi\u00e3o Metropolitana de Salvador (RMS).<\/p>\n\n\n\n<p>Cidades como Feira de Santana, Bom Jesus da Lapa, Concei\u00e7\u00e3o do Jacu\u00edpe, Juazeiro, Morro do Chap\u00e9u e Irec\u00ea est\u00e3o na lista de \u00e1reas sob alerta. Al\u00e9m da Bahia, o fen\u00f4meno tamb\u00e9m atingir\u00e1 estados vizinhos como Cear\u00e1, Piau\u00ed, Pernambuco, Alagoas, Para\u00edba, Rio Grande do Norte e Sergipe.<\/p>\n\n\n\n<p><em>Fonte: info serrinha e regi\u00e3o<\/em><\/p>\n","protected":false},"excerpt":{"rendered":"<p>Munic\u00edpios de regi\u00f5es como Nordeste, RMS e Extremo Oeste podem ter ventos com velocidade acima da m\u00e9dia.<\/p>\n","protected":false},"author":2,"featured_media":61468,"comment_status":"open","ping_status":"open","sticky":false,"template":"","format":"standard","meta":{"om_disable_all_campaigns":false,"_monsterinsights_skip_tracking":false,"_monsterinsights_sitenote_active":false,"_monsterinsights_sitenote_note":"","_monsterinsights_sitenote_category":0,"footnotes":""},"categories":[70,69],"tags":[],"class_list":["post-61467","post","type-post","status-publish","format-standard","has-post-thumbnail","hentry","category-destaques","category-noticias2"],"aioseo_notices":[],"_links":{"self":[{"href":"https:\/\/www.portalalerta.com.br\/index.php\/wp-json\/wp\/v2\/posts\/61467","targetHints":{"allow":["GET"]}}],"collection":[{"href":"https:\/\/www.portalalerta.com.br\/index.php\/wp-json\/wp\/v2\/posts"}],"about":[{"href":"https:\/\/www.portalalerta.com.br\/index.php\/wp-json\/wp\/v2\/types\/post"}],"author":[{"embeddable":true,"href":"https:\/\/www.portalalerta.com.br\/index.php\/wp-json\/wp\/v2\/users\/2"}],"replies":[{"embeddable":true,"href":"https:\/\/www.portalalerta.com.br\/index.php\/wp-json\/wp\/v2\/comments?post=61467"}],"version-history":[{"count":3,"href":"https:\/\/www.portalalerta.com.br\/index.php\/wp-json\/wp\/v2\/posts\/61467\/revisions"}],"predecessor-version":[{"id":61481,"href":"https:\/\/www.portalalerta.com.br\/index.php\/wp-json\/wp\/v2\/posts\/61467\/revisions\/61481"}],"wp:featuredmedia":[{"embeddable":true,"href":"https:\/\/www.portalalerta.com.br\/index.php\/wp-json\/wp\/v2\/media\/61468"}],"wp:attachment":[{"href":"https:\/\/www.portalalerta.com.br\/index.php\/wp-json\/wp\/v2\/media?parent=61467"}],"wp:term":[{"taxonomy":"category","embeddable":true,"href":"https:\/\/www.portalalerta.com.br\/index.php\/wp-json\/wp\/v2\/categories?post=61467"},{"taxonomy":"post_tag","embeddable":true,"href":"https:\/\/www.portalalerta.com.br\/index.php\/wp-json\/wp\/v2\/tags?post=61467"}],"curies":[{"name":"wp","href":"https:\/\/api.w.org\/{rel}","templated":true}]}}