{"id":61477,"date":"2024-09-12T14:53:37","date_gmt":"2024-09-12T17:53:37","guid":{"rendered":"https:\/\/www.portalalerta.com.br\/?p=61477"},"modified":"2024-09-12T14:53:38","modified_gmt":"2024-09-12T17:53:38","slug":"morre-o-ex-presidente-do-peru-alberto-fujimori","status":"publish","type":"post","link":"https:\/\/www.portalalerta.com.br\/index.php\/2024\/09\/12\/morre-o-ex-presidente-do-peru-alberto-fujimori\/","title":{"rendered":"Morre o ex-presidente do Peru Alberto Fujimori"},"content":{"rendered":"\n<p>Aos 86 anos, morreu o ex-presidente peruano Alberto Fujimori, nesta quarta-feira (11). O ex-pol\u00edtico chegou a&nbsp;ser condenado em 2009 a 25 anos de pris\u00e3o por abuso de direitos humanos decorrentes de uma guerra contra rebeldes maoistas.<\/p>\n\n\n\n<!--more-->\n\n\n\n<p>A morte de Fujimori foi confirmada por sua filha, Keiko Fujimori. \u201cAp\u00f3s uma longa batalha contra o c\u00e2ncer, nosso pai, Alberto Fujimori, acaba de partir para o encontro com o Senhor. Pedimos \u00e0queles que o estimaram que nos acompanhem com uma ora\u00e7\u00e3o pelo descanso eterno de sua alma. Obrigado por tudo, papai\u201d, informou.<\/p>\n\n\n\n<p>Fujimori estava internado na capital do Peru, Lima, em estado grave. Em maio de 2024, ele havia revelado que havia sido diagnosticado com um tumor maligno na l\u00edngua. Em 2018, ainda chegou a afirmar que teria um tumor no pulm\u00e3o.&nbsp;<\/p>\n\n\n\n<p>O pol\u00edtico chegou a ser preso duas vezes para o crimes contra a humanidade, deu um autogolpe e fugiu do Peru em meio acusa\u00e7\u00f5es de corrup\u00e7\u00e3o e de ter mentido sobre sua nacionalidade.&nbsp;<\/p>\n\n\n\n<p>A m\u00eddia local afirma que o Governo peruano prestar\u00e1 honras de Estado a Fujimori, \u201cseguindo estritamente os protocolos estabelecidos pela chancelaria\u201d.<\/p>\n\n\n\n<p><em>Fonte: Metro1<\/em><\/p>\n","protected":false},"excerpt":{"rendered":"<p>Aos 86 anos, morreu o ex-presidente peruano Alberto Fujimori, nesta quarta-feira (11). O ex-pol\u00edtico chegou a&nbsp;ser condenado em 2009 a 25 anos de pris\u00e3o por abuso de direitos humanos decorrentes de uma guerra contra rebeldes maoistas.<\/p>\n","protected":false},"author":2,"featured_media":61472,"comment_status":"open","ping_status":"open","sticky":false,"template":"","format":"standard","meta":{"om_disable_all_campaigns":false,"_monsterinsights_skip_tracking":false,"_monsterinsights_sitenote_active":false,"_monsterinsights_sitenote_note":"","_monsterinsights_sitenote_category":0,"footnotes":""},"categories":[70,69],"tags":[],"class_list":["post-61477","post","type-post","status-publish","format-standard","has-post-thumbnail","hentry","category-destaques","category-noticias2"],"aioseo_notices":[],"_links":{"self":[{"href":"https:\/\/www.portalalerta.com.br\/index.php\/wp-json\/wp\/v2\/posts\/61477","targetHints":{"allow":["GET"]}}],"collection":[{"href":"https:\/\/www.portalalerta.com.br\/index.php\/wp-json\/wp\/v2\/posts"}],"about":[{"href":"https:\/\/www.portalalerta.com.br\/index.php\/wp-json\/wp\/v2\/types\/post"}],"author":[{"embeddable":true,"href":"https:\/\/www.portalalerta.com.br\/index.php\/wp-json\/wp\/v2\/users\/2"}],"replies":[{"embeddable":true,"href":"https:\/\/www.portalalerta.com.br\/index.php\/wp-json\/wp\/v2\/comments?post=61477"}],"version-history":[{"count":1,"href":"https:\/\/www.portalalerta.com.br\/index.php\/wp-json\/wp\/v2\/posts\/61477\/revisions"}],"predecessor-version":[{"id":61478,"href":"https:\/\/www.portalalerta.com.br\/index.php\/wp-json\/wp\/v2\/posts\/61477\/revisions\/61478"}],"wp:featuredmedia":[{"embeddable":true,"href":"https:\/\/www.portalalerta.com.br\/index.php\/wp-json\/wp\/v2\/media\/61472"}],"wp:attachment":[{"href":"https:\/\/www.portalalerta.com.br\/index.php\/wp-json\/wp\/v2\/media?parent=61477"}],"wp:term":[{"taxonomy":"category","embeddable":true,"href":"https:\/\/www.portalalerta.com.br\/index.php\/wp-json\/wp\/v2\/categories?post=61477"},{"taxonomy":"post_tag","embeddable":true,"href":"https:\/\/www.portalalerta.com.br\/index.php\/wp-json\/wp\/v2\/tags?post=61477"}],"curies":[{"name":"wp","href":"https:\/\/api.w.org\/{rel}","templated":true}]}}