{"id":61483,"date":"2024-09-12T19:00:33","date_gmt":"2024-09-12T22:00:33","guid":{"rendered":"https:\/\/www.portalalerta.com.br\/?p=61483"},"modified":"2024-09-12T21:13:38","modified_gmt":"2024-09-13T00:13:38","slug":"pf-indicia-janones-em-investigacao-de-rachadinha","status":"publish","type":"post","link":"https:\/\/www.portalalerta.com.br\/index.php\/2024\/09\/12\/pf-indicia-janones-em-investigacao-de-rachadinha\/","title":{"rendered":"PF indicia Janones em investiga\u00e7\u00e3o de rachadinha"},"content":{"rendered":"\n<p>Investiga\u00e7\u00e3o viu ind\u00edcios dos crimes de associa\u00e7\u00e3o criminosa, peculato e corrup\u00e7\u00e3o passiva<\/p>\n\n\n\n<!--more-->\n\n\n\n<p>A Pol\u00edcia Federal (PF) indiciou\u00a0o deputado Andr\u00e9 Janones (Avante-MG)\u00a0na investiga\u00e7\u00e3o que apura um suposto esquema de \u201crachadinha\u201d em seu gabinete.<\/p>\n\n\n\n<p>Janones foi indiciado pelos crimes de associa\u00e7\u00e3o criminosa, peculato e corrup\u00e7\u00e3o passiva.<\/p>\n\n\n<div class=\"wp-block-image\">\n<figure class=\"alignleft size-large is-resized\"><img fetchpriority=\"high\" decoding=\"async\" src=\"https:\/\/www.portalalerta.com.br\/wp-content\/uploads\/2024\/04\/autoescola-emprego-1024x1024.jpg\" alt=\"\" class=\"wp-image-55693\" width=\"402\" height=\"402\" srcset=\"https:\/\/www.portalalerta.com.br\/wp-content\/uploads\/2024\/04\/autoescola-emprego-1024x1024.jpg 1024w, https:\/\/www.portalalerta.com.br\/wp-content\/uploads\/2024\/04\/autoescola-emprego-240x240.jpg 240w, https:\/\/www.portalalerta.com.br\/wp-content\/uploads\/2024\/04\/autoescola-emprego-768x768.jpg 768w, https:\/\/www.portalalerta.com.br\/wp-content\/uploads\/2024\/04\/autoescola-emprego.jpg 1080w\" sizes=\"(max-width: 402px) 100vw, 402px\" \/><\/figure><\/div>\n\n\n<p>O relat\u00f3rio final do inqu\u00e9rito foi enviado nesta quinta-feira (12) ao Supremo Tribunal Federal (STF). O relator \u00e9 o ministro\u00a0Luiz Fux.<\/p>\n\n\n\n<p>Al\u00e9m do deputado, tamb\u00e9m foram indiciados dois ex-assessores do congressista.<\/p>\n\n\n\n<p>Janones foi acusado\u00a0por um ex-funcion\u00e1rio de seu gabinete\u00a0de cobrar parte do sal\u00e1rio de servidores para custear despesas pessoais. As suspeitas vieram \u00e0 tona depois do vazamento de \u00e1udios com falas do deputado.<\/p>\n\n\n\n<p>O termo \u201crachadinha\u201d \u00e9 usado para descrever a pr\u00e1tica de repasse de parte da remunera\u00e7\u00e3o de um assessor ou servidor p\u00fablico para o parlamentar ou partido que emprega o funcion\u00e1rio.<\/p>\n\n\n\n<p>De acordo com a investiga\u00e7\u00e3o da PF, houve um aumento patrimonial de Janones em um patamar que seria incompat\u00edvel com suas receitas.<\/p>\n\n\n\n<p>\u201cNos anos pr\u00f3ximos ao per\u00edodo em que a reuni\u00e3o foi gravada, a diferen\u00e7a entre as receitas e as despesas do deputado federal Andr\u00e9 Janones n\u00e3o seria suficiente para justificar o aumento patrimonial registrado\u201d, diz o relat\u00f3rio da PF.<\/p>\n\n\n\n<p>\u201cEsse fato, somado com os demais elementos coletados durante a investiga\u00e7\u00e3o, refor\u00e7a o entendimento da Pol\u00edcia Judici\u00e1ria sobre a pr\u00e1tica popularmente conhecida como \u2018rachadinha\u2019 no gabinete do deputado federal Andr\u00e9 Janones, a qual, salvo melhor ju\u00edzo, se enquadra no crime previsto no artigo 317 do C\u00f3digo Penal [corrup\u00e7\u00e3o passiva]\u201d.<\/p>\n\n\n\n<p>De acordo com os investigadores, o indiciamento se baseia em provas como depoimentos, an\u00e1lises de intelig\u00eancia financeira, de dados banc\u00e1rios e fiscais.<\/p>\n\n\n\n<p>Segundo a PF, Janones \u00e9 o \u201ceixo central em torno do qual toda a engrenagem criminosa gira\u201d. A conduta criminosa teria come\u00e7ado de forma \u201ccoincidente\u201d com o come\u00e7o de seu mandato.<\/p>\n\n\n\n<p>A&nbsp;<strong>CNN<\/strong>&nbsp;tenta contato com a defesa e a assessoria do deputado.<\/p>\n\n\n\n<p><strong>Entenda<\/strong><\/p>\n\n\n\n<p>A decis\u00e3o de abrir o inqu\u00e9rito sobre o caso foi tomada por Fux no come\u00e7o de dezembro de 2023, depois de um pedido da PGR.<\/p>\n\n\n\n<p>A subprocuradora Ana Borges Co\u00ealho Santos, que assinou o pedido encaminhado ao STF na ocasi\u00e3o, afirmou que era necess\u00e1rio esclarecer se Janones se associou a assessores com o objetivo de cometer crimes contra a administra\u00e7\u00e3o p\u00fablica.<\/p>\n\n\n\n<p>Em uma das grava\u00e7\u00f5es atribu\u00eddas a Janones \u2014 reveladas pelo portal Metr\u00f3poles e confirmadas pela&nbsp;<strong>CNN<\/strong>&nbsp;\u2014 o deputado teria pedido aos funcion\u00e1rios uma vaquinha para ser usada nas elei\u00e7\u00f5es de 2020. O deputado nega qualquer irregularidade.<\/p>\n\n\n\n<p><em>Fonte: CNN Brasil<\/em><\/p>\n","protected":false},"excerpt":{"rendered":"<p>Investiga\u00e7\u00e3o viu ind\u00edcios dos crimes de associa\u00e7\u00e3o criminosa, peculato e corrup\u00e7\u00e3o passiva<\/p>\n","protected":false},"author":2,"featured_media":52827,"comment_status":"open","ping_status":"open","sticky":false,"template":"","format":"standard","meta":{"om_disable_all_campaigns":false,"_monsterinsights_skip_tracking":false,"_monsterinsights_sitenote_active":false,"_monsterinsights_sitenote_note":"","_monsterinsights_sitenote_category":0,"footnotes":""},"categories":[34,70,69,21],"tags":[100,7394,71,48,93,75,4178,4180,129,107,4181,132,230,106,203,120,51,199,109,3282,88,47,111],"class_list":["post-61483","post","type-post","status-publish","format-standard","has-post-thumbnail","hentry","category-brasil","category-destaques","category-noticias2","category-politica","tag-adustina","tag-andnre-janones","tag-antas","tag-araci","tag-brasil","tag-cicero-dantas","tag-cipo-2","tag-crisopolis-2","tag-euclides-da-cunha","tag-fatima","tag-heliopolis-2","tag-itapicuru","tag-jeremoabo","tag-nova-soure","tag-novo-triunfo","tag-olindina","tag-paripiranga","tag-politica","tag-quijingue","tag-rachadinha","tag-ribeira-do-amparo","tag-ribeira-do-pombal","tag-sitio-do-quinto"],"aioseo_notices":[],"_links":{"self":[{"href":"https:\/\/www.portalalerta.com.br\/index.php\/wp-json\/wp\/v2\/posts\/61483","targetHints":{"allow":["GET"]}}],"collection":[{"href":"https:\/\/www.portalalerta.com.br\/index.php\/wp-json\/wp\/v2\/posts"}],"about":[{"href":"https:\/\/www.portalalerta.com.br\/index.php\/wp-json\/wp\/v2\/types\/post"}],"author":[{"embeddable":true,"href":"https:\/\/www.portalalerta.com.br\/index.php\/wp-json\/wp\/v2\/users\/2"}],"replies":[{"embeddable":true,"href":"https:\/\/www.portalalerta.com.br\/index.php\/wp-json\/wp\/v2\/comments?post=61483"}],"version-history":[{"count":3,"href":"https:\/\/www.portalalerta.com.br\/index.php\/wp-json\/wp\/v2\/posts\/61483\/revisions"}],"predecessor-version":[{"id":61515,"href":"https:\/\/www.portalalerta.com.br\/index.php\/wp-json\/wp\/v2\/posts\/61483\/revisions\/61515"}],"wp:featuredmedia":[{"embeddable":true,"href":"https:\/\/www.portalalerta.com.br\/index.php\/wp-json\/wp\/v2\/media\/52827"}],"wp:attachment":[{"href":"https:\/\/www.portalalerta.com.br\/index.php\/wp-json\/wp\/v2\/media?parent=61483"}],"wp:term":[{"taxonomy":"category","embeddable":true,"href":"https:\/\/www.portalalerta.com.br\/index.php\/wp-json\/wp\/v2\/categories?post=61483"},{"taxonomy":"post_tag","embeddable":true,"href":"https:\/\/www.portalalerta.com.br\/index.php\/wp-json\/wp\/v2\/tags?post=61483"}],"curies":[{"name":"wp","href":"https:\/\/api.w.org\/{rel}","templated":true}]}}