{"id":62045,"date":"2024-09-23T15:15:55","date_gmt":"2024-09-23T18:15:55","guid":{"rendered":"https:\/\/www.portalalerta.com.br\/?p=62045"},"modified":"2024-09-23T23:33:27","modified_gmt":"2024-09-24T02:33:27","slug":"sem-deixar-saudades-diz-rui-costa-sofre-fim-da-concessao-da-viabahia-nas-brs-116-e-324","status":"publish","type":"post","link":"https:\/\/www.portalalerta.com.br\/index.php\/2024\/09\/23\/sem-deixar-saudades-diz-rui-costa-sofre-fim-da-concessao-da-viabahia-nas-brs-116-e-324\/","title":{"rendered":"&#8220;Sem deixar saudades\u201d, diz Rui Costa sofre fim da concess\u00e3o da ViaBahia nas BRs 116 e 324"},"content":{"rendered":"\n<p>Rui tamb\u00e9m afirmou que os projetos para licita\u00e7\u00e3o de obras de \u201crecupera\u00e7\u00e3o emergencial\u201d dos trechos j\u00e1 foram iniciados<\/p>\n\n\n\n<!--more-->\n\n\n\n<p>O ministro da Casa Civil e ex-governador da Bahia, Rui Costa, contou detalhes &nbsp;sobre a &nbsp;sa\u00edda da ViaBahia na concess\u00e3o das BRs 116 e 324, que devem acontecer at\u00e9 o final do ano. Rui afirmou que o distrato ocorreu em conversas com o ministro dos Transportes, Renan Filho e que a companhia \u201cvai embora sem deixar saudades\u201d.&nbsp;<\/p>\n\n\n<div class=\"wp-block-image\">\n<figure class=\"aligncenter size-large\"><img fetchpriority=\"high\" decoding=\"async\" width=\"1024\" height=\"348\" src=\"https:\/\/www.portalalerta.com.br\/wp-content\/uploads\/2024\/07\/Real-Diversao-2024-1024x348.jpg\" alt=\"\" class=\"wp-image-58229\" srcset=\"https:\/\/www.portalalerta.com.br\/wp-content\/uploads\/2024\/07\/Real-Diversao-2024-1024x348.jpg 1024w, https:\/\/www.portalalerta.com.br\/wp-content\/uploads\/2024\/07\/Real-Diversao-2024-706x240.jpg 706w, https:\/\/www.portalalerta.com.br\/wp-content\/uploads\/2024\/07\/Real-Diversao-2024-768x261.jpg 768w, https:\/\/www.portalalerta.com.br\/wp-content\/uploads\/2024\/07\/Real-Diversao-2024.jpg 1280w\" sizes=\"(max-width: 1024px) 100vw, 1024px\" \/><\/figure><\/div>\n\n\n<p>\u201cN\u00f3s solicitamos que eles se retirassem do contrato, foi feita uma negocia\u00e7\u00e3o que falta ser homologada pelo pleno do Tribunal, ainda vai se reunir, analisar os termos da sa\u00edda da ViaBahia e, uma vez o Tribunal homologando, o que est\u00e1 escrito, a ViaBahia sai no dia 31 de dezembro, vai embora sem deixar saudades ao povo da Bahia. J\u00e1 estamos, junto com o ministro Renan, iniciando os projetos e a licita\u00e7\u00e3o, para que em janeiro a gente comece a fazer obras de recupera\u00e7\u00e3o emergencial, principalmente na BRs 324 e 116\u201d, a declara\u00e7\u00e3o foi feita neste s\u00e1bado (21), em entrevista ao Blog Marcos Frahm.&nbsp;<\/p>\n\n\n\n<p>O ministro tamb\u00e9m contou que iniciou as&nbsp;conversas para a mudan\u00e7a na concess\u00e3o desde o dia 1\u00ba de janeiro de 2023, quando tomou posse no governo de Luiz In\u00e1cio Lula da Silva (PT). Al\u00e9m de Renan Filho, Rui afirmou que as conversas tamb\u00e9m inclu\u00edram o Tribunal de Contas da Uni\u00e3o (TCU), na busca por melhorias na proposta de renova\u00e7\u00e3o da concess\u00e3o das rodovias por parte da Via Bahia.<\/p>\n\n\n\n<p><em>Fonte: metro1<\/em><\/p>\n","protected":false},"excerpt":{"rendered":"<p>Rui tamb\u00e9m afirmou que os projetos para licita\u00e7\u00e3o de obras de \u201crecupera\u00e7\u00e3o emergencial\u201d dos trechos j\u00e1 foram iniciados<\/p>\n","protected":false},"author":2,"featured_media":29997,"comment_status":"open","ping_status":"open","sticky":false,"template":"","format":"standard","meta":{"om_disable_all_campaigns":false,"_monsterinsights_skip_tracking":false,"_monsterinsights_sitenote_active":false,"_monsterinsights_sitenote_note":"","_monsterinsights_sitenote_category":0,"footnotes":""},"categories":[33,34,70,69],"tags":[54,498,93,282,3938],"class_list":["post-62045","post","type-post","status-publish","format-standard","has-post-thumbnail","hentry","category-bahia","category-brasil","category-destaques","category-noticias2","tag-bahia","tag-br-324","tag-brasil","tag-rui-costa","tag-via-bahia"],"aioseo_notices":[],"_links":{"self":[{"href":"https:\/\/www.portalalerta.com.br\/index.php\/wp-json\/wp\/v2\/posts\/62045","targetHints":{"allow":["GET"]}}],"collection":[{"href":"https:\/\/www.portalalerta.com.br\/index.php\/wp-json\/wp\/v2\/posts"}],"about":[{"href":"https:\/\/www.portalalerta.com.br\/index.php\/wp-json\/wp\/v2\/types\/post"}],"author":[{"embeddable":true,"href":"https:\/\/www.portalalerta.com.br\/index.php\/wp-json\/wp\/v2\/users\/2"}],"replies":[{"embeddable":true,"href":"https:\/\/www.portalalerta.com.br\/index.php\/wp-json\/wp\/v2\/comments?post=62045"}],"version-history":[{"count":2,"href":"https:\/\/www.portalalerta.com.br\/index.php\/wp-json\/wp\/v2\/posts\/62045\/revisions"}],"predecessor-version":[{"id":62106,"href":"https:\/\/www.portalalerta.com.br\/index.php\/wp-json\/wp\/v2\/posts\/62045\/revisions\/62106"}],"wp:featuredmedia":[{"embeddable":true,"href":"https:\/\/www.portalalerta.com.br\/index.php\/wp-json\/wp\/v2\/media\/29997"}],"wp:attachment":[{"href":"https:\/\/www.portalalerta.com.br\/index.php\/wp-json\/wp\/v2\/media?parent=62045"}],"wp:term":[{"taxonomy":"category","embeddable":true,"href":"https:\/\/www.portalalerta.com.br\/index.php\/wp-json\/wp\/v2\/categories?post=62045"},{"taxonomy":"post_tag","embeddable":true,"href":"https:\/\/www.portalalerta.com.br\/index.php\/wp-json\/wp\/v2\/tags?post=62045"}],"curies":[{"name":"wp","href":"https:\/\/api.w.org\/{rel}","templated":true}]}}