{"id":62070,"date":"2024-09-23T20:35:40","date_gmt":"2024-09-23T23:35:40","guid":{"rendered":"https:\/\/www.portalalerta.com.br\/?p=62070"},"modified":"2024-09-23T20:37:04","modified_gmt":"2024-09-23T23:37:04","slug":"justica-diz-que-gusttavo-lima-ajudou-foragidos","status":"publish","type":"post","link":"https:\/\/www.portalalerta.com.br\/index.php\/2024\/09\/23\/justica-diz-que-gusttavo-lima-ajudou-foragidos\/","title":{"rendered":"Justi\u00e7a diz que Gusttavo Lima ajudou foragidos"},"content":{"rendered":"\n<p>Cantor teve pris\u00e3o preventiva decretada pelo Judici\u00e1rio nesta segunda-feira (23)<\/p>\n\n\n\n<!--more-->\n\n\n\n<p>Um dos motivos que\u00a0embasaram o pedido de pris\u00e3o preventiva do cantor sertanejo Gusttavo Lima\u00a0pela Justi\u00e7a de Pernambuco foi que, segundo a ju\u00edza Andr\u00e9a Calado da Cruz, ele teria dado \u201cguarida a foragidos\u201d.<\/p>\n\n\n<div class=\"wp-block-image\">\n<figure class=\"alignleft size-large is-resized\"><img fetchpriority=\"high\" decoding=\"async\" src=\"https:\/\/www.portalalerta.com.br\/wp-content\/uploads\/2024\/04\/Sabino-Tijolo-576x1024.jpg\" alt=\"\" class=\"wp-image-56164\" width=\"456\" height=\"811\" srcset=\"https:\/\/www.portalalerta.com.br\/wp-content\/uploads\/2024\/04\/Sabino-Tijolo-576x1024.jpg 576w, https:\/\/www.portalalerta.com.br\/wp-content\/uploads\/2024\/04\/Sabino-Tijolo-135x240.jpg 135w, https:\/\/www.portalalerta.com.br\/wp-content\/uploads\/2024\/04\/Sabino-Tijolo.jpg 591w\" sizes=\"(max-width: 456px) 100vw, 456px\" \/><\/figure><\/div>\n\n\n<p>A&nbsp;CNN&nbsp;teve acesso \u00e0 decis\u00e3o, que diz: \u201c\u00c9 imperioso destacar que Nivaldo Batista Lima [nome verdadeiro de Gusttavo Lima], ao dar guarida a foragidos, demonstra uma alarmante falta de considera\u00e7\u00e3o pela Justi\u00e7a. Sua intensa rela\u00e7\u00e3o financeira com esses indiv\u00edduos, que inclui movimenta\u00e7\u00f5es suspeitas, levanta s\u00e9rie as quest\u00f5es sobre sua pr\u00f3pria participa\u00e7\u00e3o em atividades criminosas. A conex\u00e3o de sua empresa com a rede de lavagem de dinheiro sugere um comprometimento que n\u00e3o pode ser ignorado\u201d, destaca a magistrada.<\/p>\n\n\n\n<p>A Justi\u00e7a tamb\u00e9m aponta a proximidade de Gusttavo Lima com foragidos. \u201cNo dia 7 de setembro de 2024, o avi\u00e3o de matr\u00edcula PS-GSG retornou ao Brasil, ap\u00f3s fazer escalas em Kavala, Atenas e Ilhas Can\u00e1rias, pousando na manh\u00e3 do dia 8 de setembro no Aeroporto Internacional de Santa Genoveva, em Goi\u00e2nia. Curiosamente, Jos\u00e9 Andr\u00e9 e Aislla n\u00e3o estavam a bordo, o que indica de maneira contundente que optaram por permanecer na Europa para evitar a Justi\u00e7a\u201d, aponta.<\/p>\n\n\n\n<p>Os apontados pela pol\u00edcia s\u00e3o Jos\u00e9 Andr\u00e9 da Rocha Neto e Aislla Sabrina Henriques Truta Rocha, casal propriet\u00e1rio da empresa de apostas \u2018Vai de Bet\u2019.<\/p>\n\n\n\n<p>Esse ponto, segundo os investigadores, demonstra que Gusttavo Lima teria sido conivente com a situa\u00e7\u00e3o dos investigados perante \u00e0 Justi\u00e7a e transportando para a Europa.<\/p>\n\n\n\n<p>Natural de Campina Grande, o empres\u00e1rio Andr\u00e9 Rocha \u00e9 dono da Vai de Bet e herdeiro do ramo imobili\u00e1rio da Para\u00edba. Ele teve a pris\u00e3o preventiva decretada, mas no dia da opera\u00e7\u00e3o estava em viagem \u00e0 Gr\u00e9cia. Ele \u00e9 considerado foragido desde ent\u00e3o.<\/p>\n\n\n\n<p>No dia 4 de setembro, Aislla Rocha publicou nas redes sociais uma foto do casal na comemora\u00e7\u00e3o do anivers\u00e1rio do cantor Gusttavo Lima, em uma festa em Mykonos, ilha localizada na Gr\u00e9cia.<\/p>\n\n\n\n<p>A investiga\u00e7\u00e3o da Pol\u00edcia Civil tamb\u00e9m diz que a empresa Na Balada Eventos, que tem Gusttavo como dono, ocultou valores provenientes dos jogos ilegais, em reais, d\u00f3lares e euro.<\/p>\n\n\n\n<p>No \u00faltimo dia 4,\u00a0uma aeronave registrada em nome da empresa de Gusttavo Lima\u00a0foi apreendida na cidade de Jundia\u00ed, no interior paulista. A aeronave faz parte da investiga\u00e7\u00e3o como lavagem de capitais.<\/p>\n\n\n\n<p>Segundo registro na Ag\u00eancia Nacional de Avia\u00e7\u00e3o Civil (ANAC), o avi\u00e3o Cessna 560XLS comporta at\u00e9 9 passageiros e atua em servi\u00e7os a\u00e9reos privados, n\u00e3o podendo operar t\u00e1xi a\u00e9reo.<\/p>\n\n\n\n<p><strong>Investiga\u00e7\u00e3o<\/strong><\/p>\n\n\n\n<p>Gusttavo Lima \u00e9 alvo da Opera\u00e7\u00e3o Integration,\u00a0que visa coibir crimes de lavagem de dinheiro e a pr\u00e1tica de jogos ilegais.<\/p>\n\n\n\n<p>A determina\u00e7\u00e3o da pris\u00e3o ocorre na mesma investiga\u00e7\u00e3o em que a influenciadora Deolane Bezerra foi presa.<\/p>\n\n\n\n<p>De acordo com os investigadores, uma organiza\u00e7\u00e3o criminosa teria movimentado R$ 3 bilh\u00f5es provenientes de jogos ilegais. A empresa Esportes da Sorte tamb\u00e9m \u00e9 investigada na a\u00e7\u00e3o.<\/p>\n\n\n\n<p>A investiga\u00e7\u00e3o teve in\u00edcio em dezembro de 2022, ap\u00f3s a apreens\u00e3o de aproximadamente R$ 180 mil. Desde ent\u00e3o, a opera\u00e7\u00e3o vem ampliando o leque de informa\u00e7\u00f5es e dados coletados.<\/p>\n\n\n\n<p><strong>Nota da defesa<\/strong><\/p>\n\n\n\n<p>A\u00a0defesa de Gusttavo Lima divulgou, na noite desta segunda-feira (23), uma nota sobre o pedido de pris\u00e3o do cantor, emitida pela ju\u00edza Andr\u00e9a Calado da Cruz, da 12\u00aa Vara Criminal de Recife.<\/p>\n\n\n\n<p>A\u00a0nota diz\u00a0que a defesa ficou sabendo do pedido de pris\u00e3o pela m\u00eddia, que medidas cab\u00edveis j\u00e1 est\u00e3o sendo tomadas e que \u201c\u00e9 uma decis\u00e3o totalmente contr\u00e1ria aos fatos j\u00e1 esclarecidos pela defesa do cantor e que n\u00e3o ser\u00e3o medidos esfor\u00e7os para combater juridicamente uma decis\u00e3o injusta e sem fundamentos legais.\u201d<\/p>\n\n\n\n<p><em>Fonte: Metro1<\/em><\/p>\n","protected":false},"excerpt":{"rendered":"<p>Cantor teve pris\u00e3o preventiva decretada pelo Judici\u00e1rio nesta segunda-feira (23)<\/p>\n","protected":false},"author":2,"featured_media":43108,"comment_status":"open","ping_status":"open","sticky":false,"template":"","format":"standard","meta":{"om_disable_all_campaigns":false,"_monsterinsights_skip_tracking":false,"_monsterinsights_sitenote_active":false,"_monsterinsights_sitenote_note":"","_monsterinsights_sitenote_category":0,"footnotes":""},"categories":[34,70,69,22],"tags":[100,71,48,93,75,4178,4180,129,107,7433,4181,132,230,270,106,203,120,51,174,109,88,47,111,190],"class_list":["post-62070","post","type-post","status-publish","format-standard","has-post-thumbnail","hentry","category-brasil","category-destaques","category-noticias2","category-seguranca","tag-adustina","tag-antas","tag-araci","tag-brasil","tag-cicero-dantas","tag-cipo-2","tag-crisopolis-2","tag-euclides-da-cunha","tag-fatima","tag-gustavo-lima","tag-heliopolis-2","tag-itapicuru","tag-jeremoabo","tag-justica","tag-nova-soure","tag-novo-triunfo","tag-olindina","tag-paripiranga","tag-prisao","tag-quijingue","tag-ribeira-do-amparo","tag-ribeira-do-pombal","tag-sitio-do-quinto","tag-tucano"],"aioseo_notices":[],"_links":{"self":[{"href":"https:\/\/www.portalalerta.com.br\/index.php\/wp-json\/wp\/v2\/posts\/62070","targetHints":{"allow":["GET"]}}],"collection":[{"href":"https:\/\/www.portalalerta.com.br\/index.php\/wp-json\/wp\/v2\/posts"}],"about":[{"href":"https:\/\/www.portalalerta.com.br\/index.php\/wp-json\/wp\/v2\/types\/post"}],"author":[{"embeddable":true,"href":"https:\/\/www.portalalerta.com.br\/index.php\/wp-json\/wp\/v2\/users\/2"}],"replies":[{"embeddable":true,"href":"https:\/\/www.portalalerta.com.br\/index.php\/wp-json\/wp\/v2\/comments?post=62070"}],"version-history":[{"count":1,"href":"https:\/\/www.portalalerta.com.br\/index.php\/wp-json\/wp\/v2\/posts\/62070\/revisions"}],"predecessor-version":[{"id":62071,"href":"https:\/\/www.portalalerta.com.br\/index.php\/wp-json\/wp\/v2\/posts\/62070\/revisions\/62071"}],"wp:featuredmedia":[{"embeddable":true,"href":"https:\/\/www.portalalerta.com.br\/index.php\/wp-json\/wp\/v2\/media\/43108"}],"wp:attachment":[{"href":"https:\/\/www.portalalerta.com.br\/index.php\/wp-json\/wp\/v2\/media?parent=62070"}],"wp:term":[{"taxonomy":"category","embeddable":true,"href":"https:\/\/www.portalalerta.com.br\/index.php\/wp-json\/wp\/v2\/categories?post=62070"},{"taxonomy":"post_tag","embeddable":true,"href":"https:\/\/www.portalalerta.com.br\/index.php\/wp-json\/wp\/v2\/tags?post=62070"}],"curies":[{"name":"wp","href":"https:\/\/api.w.org\/{rel}","templated":true}]}}