{"id":62089,"date":"2024-09-24T07:01:00","date_gmt":"2024-09-24T10:01:00","guid":{"rendered":"https:\/\/www.portalalerta.com.br\/?p=62089"},"modified":"2024-09-23T23:28:28","modified_gmt":"2024-09-24T02:28:28","slug":"prefeitura-de-ribeira-do-pombal-lanca-edital-para-patrocinio-da-festa-de-outubro-2024","status":"publish","type":"post","link":"https:\/\/www.portalalerta.com.br\/index.php\/2024\/09\/24\/prefeitura-de-ribeira-do-pombal-lanca-edital-para-patrocinio-da-festa-de-outubro-2024\/","title":{"rendered":"Prefeitura de Ribeira do Pombal lan\u00e7a edital para patroc\u00ednio da Festa de Outubro 2024"},"content":{"rendered":"\n<p>A Prefeitura de Ribeira do Pombal abriu oficialmente o Edital de Credenciamento N\u00ba 041\/2024 para empresas interessadas em patrocinar a tradicional Festa de Outubro, que ser\u00e1 realizada de 11 a 13 de outubro de 2024. O evento \u00e9 um dos mais aguardados da regi\u00e3o, atraindo milhares de pessoas para tr\u00eas dias de muita m\u00fasica e celebra\u00e7\u00e3o, com atra\u00e7\u00f5es nacionais como Wesley Safad\u00e3o, Maiara &amp; Maraisa, Ana Carolina, Gustavo Mioto, entre outros. A Festa de Outubro \u00e9 conhecida por sua diversidade de shows, abrangendo v\u00e1rios estilos musicais, al\u00e9m de fortalecer a cultura local com apresenta\u00e7\u00f5es de artistas regionais.<\/p>\n\n\n\n<!--more-->\n\n\n<div class=\"wp-block-image\">\n<figure class=\"alignleft size-large is-resized\"><img fetchpriority=\"high\" decoding=\"async\" src=\"https:\/\/www.portalalerta.com.br\/wp-content\/uploads\/2024\/04\/Sabino-Tijolo-576x1024.jpg\" alt=\"\" class=\"wp-image-56164\" width=\"417\" height=\"741\" srcset=\"https:\/\/www.portalalerta.com.br\/wp-content\/uploads\/2024\/04\/Sabino-Tijolo-576x1024.jpg 576w, https:\/\/www.portalalerta.com.br\/wp-content\/uploads\/2024\/04\/Sabino-Tijolo-135x240.jpg 135w, https:\/\/www.portalalerta.com.br\/wp-content\/uploads\/2024\/04\/Sabino-Tijolo.jpg 591w\" sizes=\"(max-width: 417px) 100vw, 417px\" \/><\/figure><\/div>\n\n\n<p>Para a edi\u00e7\u00e3o de 2024, a Prefeitura oferece cotas de patroc\u00ednio exclusivas para empresas que queiram associar sua marca ao evento, garantindo ampla visibilidade e intera\u00e7\u00e3o com o p\u00fablico. S\u00e3o tr\u00eas op\u00e7\u00f5es de cotas:<\/p>\n\n\n\n<p>Cota Ouro : Valor m\u00ednimo de R$ 150.000,00, destinada a um \u00fanico patrocinador, oferece destaque m\u00e1ximo nos tel\u00f5es do evento, presen\u00e7a em todas as pe\u00e7as de redes sociais oficiais (cards, v\u00eddeos), cartazes de divulga\u00e7\u00e3o e an\u00fancios sonoros nos intervalos dos shows. Al\u00e9m disso, o patrocinador poder\u00e1 explorar o espa\u00e7o do evento para ativa\u00e7\u00e3o da marca de maneira exclusiva.<\/p>\n\n\n\n<p>Cota Prata: Com valor m\u00ednimo de R$ 50.000,00, disponibiliza tr\u00eas cotas. O patrocinador ter\u00e1 sua marca exibida em tamanho m\u00e9dio nos tel\u00f5es, nas redes sociais, em cartazes e an\u00fancios sonoros, al\u00e9m de explorar at\u00e9 50% do espa\u00e7o do evento para ativa\u00e7\u00e3o da marca.<\/p>\n\n\n\n<p>Cota Bronze: Valor m\u00ednimo de R$ 20.000,00, com seis cotas dispon\u00edveis. Inclui presen\u00e7a em tamanho reduzido nos tel\u00f5es, nas redes sociais e men\u00e7\u00f5es nos an\u00fancios oficiais, al\u00e9m da possibilidade de ativa\u00e7\u00e3o de marca em at\u00e9 25% do espa\u00e7o.<\/p>\n\n\n\n<p>As empresas interessadas em associar suas marcas a um dos maiores eventos da regi\u00e3o podem acessar o edital completo em https:\/\/ribeiradopombal.ba.gov.br\/editais\/ e garantir sua cota. A Festa de Outubro \u00e9 um dos momentos mais importantes do calend\u00e1rio cultural de Ribeira do Pombal, movimentando o com\u00e9rcio local e atraindo turistas de toda a regi\u00e3o, al\u00e9m de proporcionar grande visibilidade para os patrocinadores.<\/p>\n","protected":false},"excerpt":{"rendered":"<p>A Prefeitura de Ribeira do Pombal abriu oficialmente o Edital de Credenciamento N\u00ba 041\/2024 para empresas interessadas em patrocinar a tradicional Festa de Outubro, que ser\u00e1 realizada de 11 a 13 de outubro de 2024. O evento \u00e9 um dos mais aguardados da regi\u00e3o, atraindo milhares de pessoas para tr\u00eas dias de muita m\u00fasica e &hellip;<\/p>\n","protected":false},"author":2,"featured_media":58092,"comment_status":"open","ping_status":"open","sticky":false,"template":"","format":"standard","meta":{"om_disable_all_campaigns":false,"_monsterinsights_skip_tracking":false,"_monsterinsights_sitenote_active":false,"_monsterinsights_sitenote_note":"","_monsterinsights_sitenote_category":0,"footnotes":""},"categories":[70,36,69,32,3],"tags":[100,71,48,75,4178,4180,465,129,107,914,4181,132,230,106,203,120,51,109,88,47,111,190],"class_list":["post-62089","post","type-post","status-publish","format-standard","has-post-thumbnail","hentry","category-destaques","category-lazer","category-noticias2","category-regiao","category-ribeira-do-pombal","tag-adustina","tag-antas","tag-araci","tag-cicero-dantas","tag-cipo-2","tag-crisopolis-2","tag-edital","tag-euclides-da-cunha","tag-fatima","tag-festa-de-outubro","tag-heliopolis-2","tag-itapicuru","tag-jeremoabo","tag-nova-soure","tag-novo-triunfo","tag-olindina","tag-paripiranga","tag-quijingue","tag-ribeira-do-amparo","tag-ribeira-do-pombal","tag-sitio-do-quinto","tag-tucano"],"aioseo_notices":[],"_links":{"self":[{"href":"https:\/\/www.portalalerta.com.br\/index.php\/wp-json\/wp\/v2\/posts\/62089","targetHints":{"allow":["GET"]}}],"collection":[{"href":"https:\/\/www.portalalerta.com.br\/index.php\/wp-json\/wp\/v2\/posts"}],"about":[{"href":"https:\/\/www.portalalerta.com.br\/index.php\/wp-json\/wp\/v2\/types\/post"}],"author":[{"embeddable":true,"href":"https:\/\/www.portalalerta.com.br\/index.php\/wp-json\/wp\/v2\/users\/2"}],"replies":[{"embeddable":true,"href":"https:\/\/www.portalalerta.com.br\/index.php\/wp-json\/wp\/v2\/comments?post=62089"}],"version-history":[{"count":1,"href":"https:\/\/www.portalalerta.com.br\/index.php\/wp-json\/wp\/v2\/posts\/62089\/revisions"}],"predecessor-version":[{"id":62090,"href":"https:\/\/www.portalalerta.com.br\/index.php\/wp-json\/wp\/v2\/posts\/62089\/revisions\/62090"}],"wp:featuredmedia":[{"embeddable":true,"href":"https:\/\/www.portalalerta.com.br\/index.php\/wp-json\/wp\/v2\/media\/58092"}],"wp:attachment":[{"href":"https:\/\/www.portalalerta.com.br\/index.php\/wp-json\/wp\/v2\/media?parent=62089"}],"wp:term":[{"taxonomy":"category","embeddable":true,"href":"https:\/\/www.portalalerta.com.br\/index.php\/wp-json\/wp\/v2\/categories?post=62089"},{"taxonomy":"post_tag","embeddable":true,"href":"https:\/\/www.portalalerta.com.br\/index.php\/wp-json\/wp\/v2\/tags?post=62089"}],"curies":[{"name":"wp","href":"https:\/\/api.w.org\/{rel}","templated":true}]}}