{"id":62091,"date":"2024-09-24T07:02:00","date_gmt":"2024-09-24T10:02:00","guid":{"rendered":"https:\/\/www.portalalerta.com.br\/?p=62091"},"modified":"2024-09-23T23:26:46","modified_gmt":"2024-09-24T02:26:46","slug":"candidato-a-vereador-e-agredido-a-pedradas-em-coronel-joao-sa","status":"publish","type":"post","link":"https:\/\/www.portalalerta.com.br\/index.php\/2024\/09\/24\/candidato-a-vereador-e-agredido-a-pedradas-em-coronel-joao-sa\/","title":{"rendered":"Candidato a Vereador \u00e9 Agredido a Pedradas em Coronel Jo\u00e3o S\u00e1"},"content":{"rendered":"\n<p>Raul de Almeida Ribeiro (PCdoB) foi atingido no rosto e hospitalizado ap\u00f3s ataque durante campanha.<\/p>\n\n\n\n<!--more-->\n\n\n\n<p>Um ato de viol\u00eancia chocou a cidade de&nbsp;<strong>Coronel Jo\u00e3o S\u00e1<\/strong>&nbsp;neste final de semana. O candidato a vereador&nbsp;<strong>Raul de Almeida Ribeiro<\/strong>, do&nbsp;<strong>PCdoB<\/strong>, foi agredido a pedradas enquanto se diria a um ato politico em dire\u00e7\u00e3o ao povoado&nbsp;<strong>Gasparino<\/strong>. Ao passar pela comunidade de&nbsp;<strong>S\u00e3o Pedro<\/strong>, sua comitiva foi atacada com uma chuva de&nbsp;<strong>pedras e paus<\/strong>, resultando em ferimentos em diversas pessoas, incluindo&nbsp;<strong>crian\u00e7as e idosos<\/strong>.<\/p>\n\n\n\n<p>Raul de Almeida foi atingido no rosto por uma pedrada e precisou ser hospitalizado. Al\u00e9m dele, ve\u00edculos e outros participantes da comitiva tamb\u00e9m foram danificados e machucados. O clima de tens\u00e3o foi agravado pelo fato de que, segundo informa\u00e7\u00f5es, o&nbsp;<strong>grupo advers\u00e1rio<\/strong>&nbsp;que promovia um evento na localidade n\u00e3o estaria autorizado pela justi\u00e7a eleitoral a realizar atividades naquele final de semana, conforme acordo pr\u00e9vio.<\/p>\n\n\n\n<p>A pol\u00edcia local est\u00e1 investigando o caso para identificar os respons\u00e1veis pelo ataque e entender as circunst\u00e2ncias que levaram \u00e0 viol\u00eancia. Por pouco, uma trag\u00e9dia de maiores propor\u00e7\u00f5es n\u00e3o ocorreu.<\/p>\n\n\n\n<p><em>Fonte: Dia a Dia Nordeste<\/em><\/p>\n","protected":false},"excerpt":{"rendered":"<p>Raul de Almeida Ribeiro (PCdoB) foi atingido no rosto e hospitalizado ap\u00f3s ataque durante campanha.<\/p>\n","protected":false},"author":2,"featured_media":62102,"comment_status":"open","ping_status":"open","sticky":false,"template":"","format":"standard","meta":{"om_disable_all_campaigns":false,"_monsterinsights_skip_tracking":false,"_monsterinsights_sitenote_active":false,"_monsterinsights_sitenote_note":"","_monsterinsights_sitenote_category":0,"footnotes":""},"categories":[33,70,69,21,22],"tags":[100,71,48,7432,75,4178,312,4180,129,107,299,4181,132,230,322,106,203,120,51,547,109,88,47,111,190],"class_list":["post-62091","post","type-post","status-publish","format-standard","has-post-thumbnail","hentry","category-bahia","category-destaques","category-noticias2","category-politica","category-seguranca","tag-adustina","tag-antas","tag-araci","tag-candidato-a-vereador","tag-cicero-dantas","tag-cipo-2","tag-coronel-joao-sa","tag-crisopolis-2","tag-euclides-da-cunha","tag-fatima","tag-ferido","tag-heliopolis-2","tag-itapicuru","tag-jeremoabo","tag-lesao-corporal","tag-nova-soure","tag-novo-triunfo","tag-olindina","tag-paripiranga","tag-pedrada","tag-quijingue","tag-ribeira-do-amparo","tag-ribeira-do-pombal","tag-sitio-do-quinto","tag-tucano"],"aioseo_notices":[],"_links":{"self":[{"href":"https:\/\/www.portalalerta.com.br\/index.php\/wp-json\/wp\/v2\/posts\/62091","targetHints":{"allow":["GET"]}}],"collection":[{"href":"https:\/\/www.portalalerta.com.br\/index.php\/wp-json\/wp\/v2\/posts"}],"about":[{"href":"https:\/\/www.portalalerta.com.br\/index.php\/wp-json\/wp\/v2\/types\/post"}],"author":[{"embeddable":true,"href":"https:\/\/www.portalalerta.com.br\/index.php\/wp-json\/wp\/v2\/users\/2"}],"replies":[{"embeddable":true,"href":"https:\/\/www.portalalerta.com.br\/index.php\/wp-json\/wp\/v2\/comments?post=62091"}],"version-history":[{"count":2,"href":"https:\/\/www.portalalerta.com.br\/index.php\/wp-json\/wp\/v2\/posts\/62091\/revisions"}],"predecessor-version":[{"id":62103,"href":"https:\/\/www.portalalerta.com.br\/index.php\/wp-json\/wp\/v2\/posts\/62091\/revisions\/62103"}],"wp:featuredmedia":[{"embeddable":true,"href":"https:\/\/www.portalalerta.com.br\/index.php\/wp-json\/wp\/v2\/media\/62102"}],"wp:attachment":[{"href":"https:\/\/www.portalalerta.com.br\/index.php\/wp-json\/wp\/v2\/media?parent=62091"}],"wp:term":[{"taxonomy":"category","embeddable":true,"href":"https:\/\/www.portalalerta.com.br\/index.php\/wp-json\/wp\/v2\/categories?post=62091"},{"taxonomy":"post_tag","embeddable":true,"href":"https:\/\/www.portalalerta.com.br\/index.php\/wp-json\/wp\/v2\/tags?post=62091"}],"curies":[{"name":"wp","href":"https:\/\/api.w.org\/{rel}","templated":true}]}}