{"id":62491,"date":"2024-10-01T09:03:00","date_gmt":"2024-10-01T12:03:00","guid":{"rendered":"https:\/\/www.portalalerta.com.br\/?p=62491"},"modified":"2024-09-30T22:41:21","modified_gmt":"2024-10-01T01:41:21","slug":"marielle-dono-de-ferro-velho-e-condenado-por-descartar-carro-do-crime","status":"publish","type":"post","link":"https:\/\/www.portalalerta.com.br\/index.php\/2024\/10\/01\/marielle-dono-de-ferro-velho-e-condenado-por-descartar-carro-do-crime\/","title":{"rendered":"Marielle: dono de ferro-velho \u00e9 condenado por descartar carro do crime"},"content":{"rendered":"\n<p>Justi\u00e7a diz que Edilson atrasou a identifica\u00e7\u00e3o de autores e mandantes<\/p>\n\n\n\n<!--more-->\n\n\n\n<p>A 37\u00aa Vara Criminal do Rio condenou Edilson Barbosa dos Santos, conhecido como Orelha, a cinco anos de reclus\u00e3o e 17 dias-multa. Edilson \u00e9 o dono de ferro-velho que recebeu, fez o desmanche e descartou o carro Cobalt usado para cometer o duplo homic\u00eddio que vitimou a vereadora Marielle Franco e o&nbsp;motorista dela, Anderson Gomes, no dia 14 de mar\u00e7o de 2018.&nbsp;<\/p>\n\n\n<div class=\"wp-block-image\">\n<figure class=\"alignleft size-large is-resized\"><img fetchpriority=\"high\" decoding=\"async\" src=\"https:\/\/www.portalalerta.com.br\/wp-content\/uploads\/2024\/04\/Sabino-Tijolo-576x1024.jpg\" alt=\"\" class=\"wp-image-56164\" width=\"404\" height=\"718\" srcset=\"https:\/\/www.portalalerta.com.br\/wp-content\/uploads\/2024\/04\/Sabino-Tijolo-576x1024.jpg 576w, https:\/\/www.portalalerta.com.br\/wp-content\/uploads\/2024\/04\/Sabino-Tijolo-135x240.jpg 135w, https:\/\/www.portalalerta.com.br\/wp-content\/uploads\/2024\/04\/Sabino-Tijolo.jpg 591w\" sizes=\"(max-width: 404px) 100vw, 404px\" \/><\/figure><\/div>\n\n\n<p>O Grupo de Atua\u00e7\u00e3o Especializada de Combate ao Crime Organizado do Minist\u00e9rio Publico estadual denunciou Edilson em agosto de 2023&nbsp;por obstru\u00e7\u00e3o de Justi\u00e7a. Na den\u00fancia, os promotores apontaram que o dono do ferro-velho impediu as investiga\u00e7\u00f5es de infra\u00e7\u00f5es penais envolvendo organiza\u00e7\u00e3o criminosa, causando s\u00e9rios preju\u00edzos \u00e0 administra\u00e7\u00e3o da Justi\u00e7a e, por consequ\u00eancia, \u00e0 busca da verdade real. Segundo o Minist\u00e9rio P\u00fablico, dois dias ap\u00f3s o crime, no dia 16 de mar\u00e7o, Ronnie Lessa e Elcio Vieira de Queiroz, respectivamente atirador e motorista do duplo homic\u00eddio, entregaram o carro ao denunciado, em uma pra\u00e7a na&nbsp;zona norte do Rio, ap\u00f3s ajuste com Maxwell Sim\u00f5es Correa, conhecido como Suel, tamb\u00e9m envolvido&nbsp;nos crimes.<\/p>\n\n\n\n<p>Na decis\u00e3o, proferida em 26 de setembro \u00faltimo, o magistrado da 37\u00aa Vara Criminal da Comarca da Capital ressaltou que a destrui\u00e7\u00e3o do carro embara\u00e7ou as investiga\u00e7\u00f5es dos homic\u00eddios, &#8220;impossibilitando a realiza\u00e7\u00e3o de per\u00edcia criminal no ve\u00edculo e, assim, contribuindo para que os executores dos crimes somente se tornassem suspeitos de seu cometimento quase um ano ap\u00f3s a ocorr\u00eancia das infra\u00e7\u00f5es e, por conseguinte, contribuindo para que os suspeitos de serem os mandantes s\u00f3 se tornassem conhecidos neste ano de 2024, seis anos ap\u00f3s as mortes.\u201d<\/p>\n\n\n\n<p>A promotora de Justi\u00e7a Fab\u00edola Tardin Costa, representante do Minist\u00e9rio P\u00fablico durante toda a instru\u00e7\u00e3o criminal, destacou que a conduta praticada pelo r\u00e9u n\u00e3o \u00e9 incomum no mundo da mil\u00edcia. \u201cDeve ser destacado que as estat\u00edsticas demonstram que aproximadamente 90% das execu\u00e7\u00f5es em crimes premeditados pela mil\u00edcia carioca s\u00e3o realizadas com este&nbsp;<em>modus operandi<\/em>, ou seja, com utiliza\u00e7\u00e3o de ve\u00edculo, seja moto ou autom\u00f3vel, exatamente em virtude da rapidez proporcionada na fuga, sendo, portanto, elemento fundamental para o \u00eaxito do resultado visado que o carro n\u00e3o seja nunca mais localizado.\u201d<\/p>\n\n\n\n<p><em>Fonte: Ag\u00eancia Brasil<\/em><\/p>\n","protected":false},"excerpt":{"rendered":"<p>Justi\u00e7a diz que Edilson atrasou a identifica\u00e7\u00e3o de autores e mandantes<\/p>\n","protected":false},"author":2,"featured_media":53976,"comment_status":"open","ping_status":"open","sticky":false,"template":"","format":"standard","meta":{"om_disable_all_campaigns":false,"_monsterinsights_skip_tracking":false,"_monsterinsights_sitenote_active":false,"_monsterinsights_sitenote_note":"","_monsterinsights_sitenote_category":0,"footnotes":""},"categories":[34,70,69,22],"tags":[93,316,822,300],"class_list":["post-62491","post","type-post","status-publish","format-standard","has-post-thumbnail","hentry","category-brasil","category-destaques","category-noticias2","category-seguranca","tag-brasil","tag-condenacao","tag-marielle-franco","tag-rio-de-janeiro"],"aioseo_notices":[],"_links":{"self":[{"href":"https:\/\/www.portalalerta.com.br\/index.php\/wp-json\/wp\/v2\/posts\/62491","targetHints":{"allow":["GET"]}}],"collection":[{"href":"https:\/\/www.portalalerta.com.br\/index.php\/wp-json\/wp\/v2\/posts"}],"about":[{"href":"https:\/\/www.portalalerta.com.br\/index.php\/wp-json\/wp\/v2\/types\/post"}],"author":[{"embeddable":true,"href":"https:\/\/www.portalalerta.com.br\/index.php\/wp-json\/wp\/v2\/users\/2"}],"replies":[{"embeddable":true,"href":"https:\/\/www.portalalerta.com.br\/index.php\/wp-json\/wp\/v2\/comments?post=62491"}],"version-history":[{"count":1,"href":"https:\/\/www.portalalerta.com.br\/index.php\/wp-json\/wp\/v2\/posts\/62491\/revisions"}],"predecessor-version":[{"id":62492,"href":"https:\/\/www.portalalerta.com.br\/index.php\/wp-json\/wp\/v2\/posts\/62491\/revisions\/62492"}],"wp:featuredmedia":[{"embeddable":true,"href":"https:\/\/www.portalalerta.com.br\/index.php\/wp-json\/wp\/v2\/media\/53976"}],"wp:attachment":[{"href":"https:\/\/www.portalalerta.com.br\/index.php\/wp-json\/wp\/v2\/media?parent=62491"}],"wp:term":[{"taxonomy":"category","embeddable":true,"href":"https:\/\/www.portalalerta.com.br\/index.php\/wp-json\/wp\/v2\/categories?post=62491"},{"taxonomy":"post_tag","embeddable":true,"href":"https:\/\/www.portalalerta.com.br\/index.php\/wp-json\/wp\/v2\/tags?post=62491"}],"curies":[{"name":"wp","href":"https:\/\/api.w.org\/{rel}","templated":true}]}}