{"id":62529,"date":"2024-10-01T17:48:09","date_gmt":"2024-10-01T20:48:09","guid":{"rendered":"https:\/\/www.portalalerta.com.br\/?p=62529"},"modified":"2024-10-01T17:48:10","modified_gmt":"2024-10-01T20:48:10","slug":"embaixada-do-ira-no-brasil-organiza-homenagem-a-lider-morto-do-hezbollah","status":"publish","type":"post","link":"https:\/\/www.portalalerta.com.br\/index.php\/2024\/10\/01\/embaixada-do-ira-no-brasil-organiza-homenagem-a-lider-morto-do-hezbollah\/","title":{"rendered":"Embaixada do Ir\u00e3 no Brasil organiza homenagem a l\u00edder morto do Hezbollah"},"content":{"rendered":"\n<p>O chefe do Hezbollah, Sayyed Hassan Nasrallah, morreu ap\u00f3s um ataque israelense na sexta-feira (27) no L\u00edbano<\/p>\n\n\n\n<!--more-->\n\n\n\n<p>A embaixada do Ir\u00e3 no Brasil realizar\u00e1 na pr\u00f3xima quinta-feira (3) uma cerim\u00f4nia em homenagem ao secret\u00e1rio-geral do Hezbollah, Hassan Nasrallah. O l\u00edder&nbsp;do Hezbollah, Sayyed Hassan Nasrallah,&nbsp;<a href=\"https:\/\/www.metro1.com.br\/noticias\/internacional\/155703,israel-anuncia-morte-do-chefe-do-hezbollah-apos-ataque-israelense\" target=\"_blank\" rel=\"noreferrer noopener\"><strong>morreu ap\u00f3s o ataque israelense na sexta-feira&nbsp;<\/strong><\/a>(27) no L\u00edbano.<\/p>\n\n\n\n<p>No comunicado, Nasrallah \u00e9 descrito como \u201cm\u00e1rtir\u201d e \u201cdefensor do povo palestino\u201d. De acordo com a representa\u00e7\u00e3o diplom\u00e1tica, a cerim\u00f4nia tamb\u00e9m prestar\u00e1 homenagens a \u201coutros m\u00e1rtires de diversas regi\u00f5es do L\u00edbano\u201d.<\/p>\n\n\n\n<p>No domingo (29), a embaixada iraniana j\u00e1 havia enviado suas condol\u00eancias \u201ca todos os defensores da liberdade no mundo pelo mart\u00edrio de Hassan Nasrallah\u201d.<\/p>\n\n\n\n<p><em>Fonte: Metro 1<\/em><\/p>\n","protected":false},"excerpt":{"rendered":"<p>O chefe do Hezbollah, Sayyed Hassan Nasrallah, morreu ap\u00f3s um ataque israelense na sexta-feira (27) no L\u00edbano<\/p>\n","protected":false},"author":2,"featured_media":62522,"comment_status":"open","ping_status":"open","sticky":false,"template":"","format":"standard","meta":{"om_disable_all_campaigns":false,"_monsterinsights_skip_tracking":false,"_monsterinsights_sitenote_active":false,"_monsterinsights_sitenote_note":"","_monsterinsights_sitenote_category":0,"footnotes":""},"categories":[70,69],"tags":[],"class_list":["post-62529","post","type-post","status-publish","format-standard","has-post-thumbnail","hentry","category-destaques","category-noticias2"],"aioseo_notices":[],"_links":{"self":[{"href":"https:\/\/www.portalalerta.com.br\/index.php\/wp-json\/wp\/v2\/posts\/62529","targetHints":{"allow":["GET"]}}],"collection":[{"href":"https:\/\/www.portalalerta.com.br\/index.php\/wp-json\/wp\/v2\/posts"}],"about":[{"href":"https:\/\/www.portalalerta.com.br\/index.php\/wp-json\/wp\/v2\/types\/post"}],"author":[{"embeddable":true,"href":"https:\/\/www.portalalerta.com.br\/index.php\/wp-json\/wp\/v2\/users\/2"}],"replies":[{"embeddable":true,"href":"https:\/\/www.portalalerta.com.br\/index.php\/wp-json\/wp\/v2\/comments?post=62529"}],"version-history":[{"count":1,"href":"https:\/\/www.portalalerta.com.br\/index.php\/wp-json\/wp\/v2\/posts\/62529\/revisions"}],"predecessor-version":[{"id":62530,"href":"https:\/\/www.portalalerta.com.br\/index.php\/wp-json\/wp\/v2\/posts\/62529\/revisions\/62530"}],"wp:featuredmedia":[{"embeddable":true,"href":"https:\/\/www.portalalerta.com.br\/index.php\/wp-json\/wp\/v2\/media\/62522"}],"wp:attachment":[{"href":"https:\/\/www.portalalerta.com.br\/index.php\/wp-json\/wp\/v2\/media?parent=62529"}],"wp:term":[{"taxonomy":"category","embeddable":true,"href":"https:\/\/www.portalalerta.com.br\/index.php\/wp-json\/wp\/v2\/categories?post=62529"},{"taxonomy":"post_tag","embeddable":true,"href":"https:\/\/www.portalalerta.com.br\/index.php\/wp-json\/wp\/v2\/tags?post=62529"}],"curies":[{"name":"wp","href":"https:\/\/api.w.org\/{rel}","templated":true}]}}