{"id":62838,"date":"2024-10-16T10:59:25","date_gmt":"2024-10-16T13:59:25","guid":{"rendered":"https:\/\/www.portalalerta.com.br\/?p=62838"},"modified":"2024-10-16T10:59:26","modified_gmt":"2024-10-16T13:59:26","slug":"oea-constata-acoes-de-crime-organizado-nas-eleicoes-municipais","status":"publish","type":"post","link":"https:\/\/www.portalalerta.com.br\/index.php\/2024\/10\/16\/oea-constata-acoes-de-crime-organizado-nas-eleicoes-municipais\/","title":{"rendered":"OEA constata a\u00e7\u00f5es de crime organizado nas elei\u00e7\u00f5es municipais"},"content":{"rendered":"\n<p>Documento menciona desde coa\u00e7\u00e3o de eleitores at\u00e9 restri\u00e7\u00e3o \u00e0 mobilidade em suas \u00e1reas de controle e entrada de recursos do tr\u00e1fico nas campanhas<\/p>\n\n\n\n<!--more-->\n\n\n\n<p>O relat\u00f3rio preliminar da Miss\u00e3o de Observa\u00e7\u00e3o Eleitoral da Organiza\u00e7\u00e3o dos Estados Americanos (OEA) apontou a\u00e7\u00f5es do crime organizado nas elei\u00e7\u00f5es municipais brasileiras deste ano.<\/p>\n\n\n\n<p>Os 15 observadores de nove nacionalidades que estiveram no pa\u00eds inclu\u00edram no documento com 26 p\u00e1ginas que foram relatadas a eles durante o per\u00edodo em que estiveram no Brasil a\u00e7\u00f5es de&nbsp;<a href=\"https:\/\/www.cnnbrasil.com.br\/politica\/lewandowski-defende-colaboracao-entre-paises-para-combater-organizacoes-criminosas\/\">grupos criminosos<\/a>&nbsp;tanto para coagir eleitores e restringir a mobilidade de candidaturas em suas \u00e1reas de controle, como a entrada de recursos financeiros do tr\u00e1fico de drogas nas campanhas eleitorais.<\/p>\n\n\n<div class=\"wp-block-image\">\n<figure class=\"aligncenter size-large\"><img fetchpriority=\"high\" decoding=\"async\" width=\"1024\" height=\"348\" src=\"https:\/\/www.portalalerta.com.br\/wp-content\/uploads\/2024\/07\/Real-Diversao-2024-1024x348.jpg\" alt=\"\" class=\"wp-image-58229\" srcset=\"https:\/\/www.portalalerta.com.br\/wp-content\/uploads\/2024\/07\/Real-Diversao-2024-1024x348.jpg 1024w, https:\/\/www.portalalerta.com.br\/wp-content\/uploads\/2024\/07\/Real-Diversao-2024-706x240.jpg 706w, https:\/\/www.portalalerta.com.br\/wp-content\/uploads\/2024\/07\/Real-Diversao-2024-768x261.jpg 768w, https:\/\/www.portalalerta.com.br\/wp-content\/uploads\/2024\/07\/Real-Diversao-2024.jpg 1280w\" sizes=\"(max-width: 1024px) 100vw, 1024px\" \/><\/figure><\/div>\n\n\n<p>\u201cA miss\u00e3o tamb\u00e9m observou a preocupa\u00e7\u00e3o crescente de v\u00e1rios atores com quem se reuniu para discutir o risco de o crime organizado entrar no \u00e2mbito pol\u00edtico\u201d, diz o documento.<\/p>\n\n\n\n<p>\u201cCom rela\u00e7\u00e3o a isso, eles manifestaram o receio da a\u00e7\u00e3o de grupos criminosos de impor restri\u00e7\u00f5es de mobilidade nas \u00e1reas sob seu controle, afetando as candidaturas locais, bem como exercer coer\u00e7\u00e3o sobre as e os eleitores de algumas comunidades para influenciar o voto\u201d, continua.<\/p>\n\n\n\n<p>Na sequ\u00eancia, afirma que \u201cal\u00e9m do exposto acima, expressaram sua preocupa\u00e7\u00e3o com a entrada de fundos il\u00edcitos, especialmente provenientes do&nbsp;<a href=\"https:\/\/www.cnnbrasil.com.br\/politica\/brasil-e-italia-fecham-acordo-para-combater-trafico-de-drogas-diz-ministro\/\">tr\u00e1fico de drogas<\/a>, nas elei\u00e7\u00f5es\u201d.<\/p>\n\n\n\n<p>O relat\u00f3rio constatou ainda a escalada da viol\u00eancia pol\u00edtica nas elei\u00e7\u00f5es, dizendo que os \u201cobservat\u00f3rios de viol\u00eancia pol\u00edtica de organiza\u00e7\u00f5es acad\u00eamicas e da sociedade civil registraram de janeiro a 1\u00ba de outubro de 2024 um total de&nbsp;469&nbsp;atos de viol\u00eancia contra pol\u00edticos, o que representa um aumento de&nbsp;58,9%&nbsp;em rela\u00e7\u00e3o aos&nbsp;295&nbsp;eventos registrados no mesmo per\u00edodo em 2020\u201d.<\/p>\n\n\n\n<p>O documento aponta ainda que \u201cal\u00e9m disso, enquanto nas elei\u00e7\u00f5es de 2020 houve um caso de viol\u00eancia pol\u00edtica a cada&nbsp;7 dias, nestas elei\u00e7\u00f5es foi registrado um incidente a cada 1,5 dia\u201d.<\/p>\n\n\n\n<p>No dia 3 de outubro, a&nbsp;CNN&nbsp;revelou um estudo in\u00e9dito da UniRio com dados que mostravam&nbsp;<a href=\"https:\/\/www.cnnbrasil.com.br\/blogs\/caio-junqueira\/eleicoes\/violencia-politica-em-2024-e-quase-o-dobro-de-2020-e-2022-diz-observatorio\">o crescimento da viol\u00eancia pol\u00edtica no pa\u00eds<\/a>.<\/p>\n\n\n\n<p>A OEA mencionou no documento as agress\u00f5es ocorridas durante debates nas elei\u00e7\u00f5es em S\u00e3o Paulo. Em um deles, o candidato Jos\u00e9 Luiz Datena (PSDB) deu uma&nbsp;<a href=\"https:\/\/www.cnnbrasil.com.br\/eleicoes\/datena-ataca-marcal-com-cadeira-durante-debate-na-tv-cultura\/\">cadeirada em Pablo Mar\u00e7al<\/a>&nbsp;(PRTB). Em outro, um assessor de Mar\u00e7al<a href=\"https:\/\/www.cnnbrasil.com.br\/eleicoes\/video-mostra-agressao-de-cinegrafista-de-marcal-a-marqueteiro-de-nunes-em-debate\/\">&nbsp;agrediu o marqueteiro de Ricardo Nunes<\/a>&nbsp;(MDB), Duda Lima.<\/p>\n\n\n\n<p>\u201cPor fim, observou-se que, em S\u00e3o Paulo, foram registrados eventos violentos durante os debates para prefeito entre os candidatos e suas equipes de trabalho que levaram a agress\u00f5es f\u00edsicas, inclusive durante transmiss\u00f5es ao vivo. A Miss\u00e3o lamenta esses acontecimentos que prejudicam o necess\u00e1rio debate de ideias e propostas e n\u00e3o refletem o civismo com o qual a cidadania brasileira compareceu \u00e0s urnas para votar\u201d, afirmou.<\/p>\n\n\n\n<p>Os observadores recomendaram melhorias para conter a escalada da viol\u00eancia pol\u00edtica constatada nas elei\u00e7\u00f5es deste ano:<\/p>\n\n\n\n<ol class=\"wp-block-list\" type=\"1\" start=\"1\">\n<li>&nbsp;\u201cCria\u00e7\u00e3o de um registro p\u00fablico de dados sobre viol\u00eancia pol\u00edtica que consolide dados em n\u00edvel federal e estadual, separados por ra\u00e7a e g\u00eanero, para diagnosticar e formular pol\u00edticas preventivas e punitivas, promovendo uma pol\u00edtica de seguran\u00e7a p\u00fablica mais preventiva e garantidora de direitos;<\/li>\n\n\n\n<li>&nbsp;Integrar na an\u00e1lise da viol\u00eancia pol\u00edtica os dados fornecidos por organiza\u00e7\u00f5es sociais e acad\u00eamicas especializadas no monitoramento e na avalia\u00e7\u00e3o da viol\u00eancia pol\u00edtica e coordenar os esfor\u00e7os para continuar desenvolvendo e divulgando diretrizes sobre como abordar essa quest\u00e3o;<\/li>\n\n\n\n<li>&nbsp;Gerar espa\u00e7os de an\u00e1lise para compreender a dimens\u00e3o da problem\u00e1tica do crime organizado e seu potencial impacto nos processos eleitorais em n\u00edvel federal, estadual e municipal.\u201d<\/li>\n<\/ol>\n\n\n\n<p>A&nbsp;CNN&nbsp;encaminhou as conclus\u00f5es ao TSE e aguarda um posicionamento.<\/p>\n\n\n\n<p><em>Fonte: CNN<\/em><\/p>\n","protected":false},"excerpt":{"rendered":"<p>Documento menciona desde coa\u00e7\u00e3o de eleitores at\u00e9 restri\u00e7\u00e3o \u00e0 mobilidade em suas \u00e1reas de controle e entrada de recursos do tr\u00e1fico nas campanhas<\/p>\n","protected":false},"author":2,"featured_media":62839,"comment_status":"open","ping_status":"open","sticky":false,"template":"","format":"standard","meta":{"om_disable_all_campaigns":false,"_monsterinsights_skip_tracking":false,"_monsterinsights_sitenote_active":false,"_monsterinsights_sitenote_note":"","_monsterinsights_sitenote_category":0,"footnotes":""},"categories":[34,70,69,21],"tags":[100,71,48,93,75,4178,162,4180,5695,129,107,4181,132,230,106,203,3211,120,51,109,88,47,111,190],"class_list":["post-62838","post","type-post","status-publish","format-standard","has-post-thumbnail","hentry","category-brasil","category-destaques","category-noticias2","category-politica","tag-adustina","tag-antas","tag-araci","tag-brasil","tag-cicero-dantas","tag-cipo-2","tag-crime-organizado","tag-crisopolis-2","tag-eleicoes-2024","tag-euclides-da-cunha","tag-fatima","tag-heliopolis-2","tag-itapicuru","tag-jeremoabo","tag-nova-soure","tag-novo-triunfo","tag-oea","tag-olindina","tag-paripiranga","tag-quijingue","tag-ribeira-do-amparo","tag-ribeira-do-pombal","tag-sitio-do-quinto","tag-tucano"],"aioseo_notices":[],"_links":{"self":[{"href":"https:\/\/www.portalalerta.com.br\/index.php\/wp-json\/wp\/v2\/posts\/62838","targetHints":{"allow":["GET"]}}],"collection":[{"href":"https:\/\/www.portalalerta.com.br\/index.php\/wp-json\/wp\/v2\/posts"}],"about":[{"href":"https:\/\/www.portalalerta.com.br\/index.php\/wp-json\/wp\/v2\/types\/post"}],"author":[{"embeddable":true,"href":"https:\/\/www.portalalerta.com.br\/index.php\/wp-json\/wp\/v2\/users\/2"}],"replies":[{"embeddable":true,"href":"https:\/\/www.portalalerta.com.br\/index.php\/wp-json\/wp\/v2\/comments?post=62838"}],"version-history":[{"count":1,"href":"https:\/\/www.portalalerta.com.br\/index.php\/wp-json\/wp\/v2\/posts\/62838\/revisions"}],"predecessor-version":[{"id":62840,"href":"https:\/\/www.portalalerta.com.br\/index.php\/wp-json\/wp\/v2\/posts\/62838\/revisions\/62840"}],"wp:featuredmedia":[{"embeddable":true,"href":"https:\/\/www.portalalerta.com.br\/index.php\/wp-json\/wp\/v2\/media\/62839"}],"wp:attachment":[{"href":"https:\/\/www.portalalerta.com.br\/index.php\/wp-json\/wp\/v2\/media?parent=62838"}],"wp:term":[{"taxonomy":"category","embeddable":true,"href":"https:\/\/www.portalalerta.com.br\/index.php\/wp-json\/wp\/v2\/categories?post=62838"},{"taxonomy":"post_tag","embeddable":true,"href":"https:\/\/www.portalalerta.com.br\/index.php\/wp-json\/wp\/v2\/tags?post=62838"}],"curies":[{"name":"wp","href":"https:\/\/api.w.org\/{rel}","templated":true}]}}