{"id":63205,"date":"2024-10-24T23:34:59","date_gmt":"2024-10-25T02:34:59","guid":{"rendered":"https:\/\/www.portalalerta.com.br\/?p=63205"},"modified":"2024-10-25T00:23:27","modified_gmt":"2024-10-25T03:23:27","slug":"prefeitura-de-ribeira-do-pombal-oficializa-encerramento-de-escolas-inativas","status":"publish","type":"post","link":"https:\/\/www.portalalerta.com.br\/index.php\/2024\/10\/24\/prefeitura-de-ribeira-do-pombal-oficializa-encerramento-de-escolas-inativas\/","title":{"rendered":"Prefeitura de Ribeira do Pombal oficializa encerramento de escolas inativas"},"content":{"rendered":"\n<p>Medida busca organizar a gest\u00e3o educacional, extinguindo unidades apenas no papel<\/p>\n\n\n\n<!--more-->\n\n\n<div class=\"wp-block-image\">\n<figure class=\"alignleft size-large is-resized\"><img fetchpriority=\"high\" decoding=\"async\" src=\"https:\/\/www.portalalerta.com.br\/wp-content\/uploads\/2024\/04\/Sabino-Tijolo-576x1024.jpg\" alt=\"\" class=\"wp-image-56164\" width=\"415\" height=\"738\" srcset=\"https:\/\/www.portalalerta.com.br\/wp-content\/uploads\/2024\/04\/Sabino-Tijolo-576x1024.jpg 576w, https:\/\/www.portalalerta.com.br\/wp-content\/uploads\/2024\/04\/Sabino-Tijolo-135x240.jpg 135w, https:\/\/www.portalalerta.com.br\/wp-content\/uploads\/2024\/04\/Sabino-Tijolo.jpg 591w\" sizes=\"(max-width: 415px) 100vw, 415px\" \/><\/figure><\/div>\n\n\n<p>A Prefeitura de Ribeira do Pombal publicou, no Di\u00e1rio Oficial do munic\u00edpio, a extin\u00e7\u00e3o oficial de 54 escolas municipais que, na pr\u00e1tica, j\u00e1 n\u00e3o funcionavam h\u00e1 anos. A medida, regulamentada por lei, visa organizar a rede de ensino ao eliminar registros de unidades que existiam apenas no papel, evitando confus\u00f5es na administra\u00e7\u00e3o escolar.<\/p>\n\n\n\n<p>A secret\u00e1ria de Educa\u00e7\u00e3o, Aline Silva, destacou que essa reorganiza\u00e7\u00e3o n\u00e3o prejudica a oferta de educa\u00e7\u00e3o p\u00fablica, mas sim otimiza a gest\u00e3o das unidades ativas. Segundo Silva, muitas dessas escolas foram desativadas ao longo dos anos, especialmente com a constru\u00e7\u00e3o de novas institui\u00e7\u00f5es. No entanto, os v\u00ednculos burocr\u00e1ticos com essas unidades ainda permaneciam, gerando dificuldades administrativas.<\/p>\n\n\n\n<p>A decis\u00e3o seguiu orienta\u00e7\u00e3o do Conselho Municipal de Educa\u00e7\u00e3o e n\u00e3o envolve o fechamento de escolas em funcionamento. A medida se aplica exclusivamente \u00e0s institui\u00e7\u00f5es que j\u00e1 estavam inativas, mas ainda constavam nos registros oficiais. Al\u00e9m disso, outras unidades escolares foram reenquadradas de acordo com suas novas fun\u00e7\u00f5es e perfis educacionais.<\/p>\n\n\n\n<p>A Lei n\u00ba 922, de 21 de outubro de 2024, assinada pelo prefeito, formalizou o encerramento legal dessas escolas. A extin\u00e7\u00e3o das institui\u00e7\u00f5es foi autorizada pela C\u00e2mara Municipal de Ribeira do Pombal e envolve escolas criadas pelas Leis n\u00ba 265 e 266, de 1997.<\/p>\n\n\n\n<p>A reorganiza\u00e7\u00e3o da rede educacional reflete a busca por uma gest\u00e3o mais eficiente, sem comprometer a qualidade do ensino oferecido aos estudantes da cidade.<\/p>\n","protected":false},"excerpt":{"rendered":"<p>Medida busca organizar a gest\u00e3o educacional, extinguindo unidades apenas no papel<\/p>\n","protected":false},"author":2,"featured_media":39270,"comment_status":"open","ping_status":"open","sticky":false,"template":"","format":"standard","meta":{"om_disable_all_campaigns":false,"_monsterinsights_skip_tracking":false,"_monsterinsights_sitenote_active":false,"_monsterinsights_sitenote_note":"","_monsterinsights_sitenote_category":0,"footnotes":""},"categories":[70,20,69,32,3],"tags":[100,71,48,75,45,46,140,560,129,107,44,132,230,106,203,120,51,109,88,47,111,190],"class_list":["post-63205","post","type-post","status-publish","format-standard","has-post-thumbnail","hentry","category-destaques","category-educacao","category-noticias2","category-regiao","category-ribeira-do-pombal","tag-adustina","tag-antas","tag-araci","tag-cicero-dantas","tag-cipo","tag-crisopolis","tag-educacao","tag-escolas","tag-euclides-da-cunha","tag-fatima","tag-heliopolis","tag-itapicuru","tag-jeremoabo","tag-nova-soure","tag-novo-triunfo","tag-olindina","tag-paripiranga","tag-quijingue","tag-ribeira-do-amparo","tag-ribeira-do-pombal","tag-sitio-do-quinto","tag-tucano"],"aioseo_notices":[],"_links":{"self":[{"href":"https:\/\/www.portalalerta.com.br\/index.php\/wp-json\/wp\/v2\/posts\/63205","targetHints":{"allow":["GET"]}}],"collection":[{"href":"https:\/\/www.portalalerta.com.br\/index.php\/wp-json\/wp\/v2\/posts"}],"about":[{"href":"https:\/\/www.portalalerta.com.br\/index.php\/wp-json\/wp\/v2\/types\/post"}],"author":[{"embeddable":true,"href":"https:\/\/www.portalalerta.com.br\/index.php\/wp-json\/wp\/v2\/users\/2"}],"replies":[{"embeddable":true,"href":"https:\/\/www.portalalerta.com.br\/index.php\/wp-json\/wp\/v2\/comments?post=63205"}],"version-history":[{"count":1,"href":"https:\/\/www.portalalerta.com.br\/index.php\/wp-json\/wp\/v2\/posts\/63205\/revisions"}],"predecessor-version":[{"id":63207,"href":"https:\/\/www.portalalerta.com.br\/index.php\/wp-json\/wp\/v2\/posts\/63205\/revisions\/63207"}],"wp:featuredmedia":[{"embeddable":true,"href":"https:\/\/www.portalalerta.com.br\/index.php\/wp-json\/wp\/v2\/media\/39270"}],"wp:attachment":[{"href":"https:\/\/www.portalalerta.com.br\/index.php\/wp-json\/wp\/v2\/media?parent=63205"}],"wp:term":[{"taxonomy":"category","embeddable":true,"href":"https:\/\/www.portalalerta.com.br\/index.php\/wp-json\/wp\/v2\/categories?post=63205"},{"taxonomy":"post_tag","embeddable":true,"href":"https:\/\/www.portalalerta.com.br\/index.php\/wp-json\/wp\/v2\/tags?post=63205"}],"curies":[{"name":"wp","href":"https:\/\/api.w.org\/{rel}","templated":true}]}}