{"id":6334,"date":"2018-04-13T14:33:51","date_gmt":"2018-04-13T17:33:51","guid":{"rendered":"http:\/\/www.portalalerta.com.br\/?p=6334"},"modified":"2018-04-13T14:33:51","modified_gmt":"2018-04-13T17:33:51","slug":"ex-prefeito-de-itapicuru-ba-joao-alfredo-deixa-o-comando-da-secretaria-de-financas-para-assumir-cargo-no-governo-do-estado","status":"publish","type":"post","link":"https:\/\/www.portalalerta.com.br\/index.php\/2018\/04\/13\/ex-prefeito-de-itapicuru-ba-joao-alfredo-deixa-o-comando-da-secretaria-de-financas-para-assumir-cargo-no-governo-do-estado\/","title":{"rendered":"Ex-prefeito de Itapicuru-BA, Jo\u00e3o Alfredo deixa o comando da Secretaria de Finan\u00e7as, para assumir cargo no Governo do Estado"},"content":{"rendered":"<p style=\"text-align: justify;\">O prefeito de Itapicuru-BA, Magno Souza confirmou nesta quinta-feira, 12, por meio das redes sociais\u00a0a sa\u00edda do Ex-prefeito Jo\u00e3o Alfredo da Secretaria de Finan\u00e7as do munic\u00edpio.\u00a0<!--more--><\/p>\n<p style=\"text-align: justify;\">Antes de ser Secret\u00e1rio, Jo\u00e3o Alfredo foi gestor prefeito do munic\u00edpio, na gest\u00e3o 2005-2008.<\/p>\n<p style=\"text-align: justify;\">De acordo com Magno, \u00a0Jo\u00e3o est\u00e1 saindo para assumir\u00a0o cargo de Diretor de Programas e Projetos Especiais, da Secretaria de Infraestrutura, do governo do Estado da Bahia.<\/p>\n<p style=\"text-align: justify;\"><strong><img fetchpriority=\"high\" decoding=\"async\" class=\"alignnone size-thumbnail wp-image-4869\" src=\"http:\/\/www.portalalerta.com.br\/wp-content\/uploads\/2018\/02\/Auto-Escola-Nobre-720x181.jpg\" alt=\"\" width=\"720\" height=\"181\" srcset=\"https:\/\/www.portalalerta.com.br\/wp-content\/uploads\/2018\/02\/Auto-Escola-Nobre.jpg 720w, https:\/\/www.portalalerta.com.br\/wp-content\/uploads\/2018\/02\/Auto-Escola-Nobre-260x65.jpg 260w, https:\/\/www.portalalerta.com.br\/wp-content\/uploads\/2018\/02\/Auto-Escola-Nobre-50x13.jpg 50w, https:\/\/www.portalalerta.com.br\/wp-content\/uploads\/2018\/02\/Auto-Escola-Nobre-150x38.jpg 150w\" sizes=\"(max-width: 720px) 100vw, 720px\" \/>Confira\u00a0abaixo a nota do prefeito:<\/strong><\/p>\n<p style=\"text-align: justify;\"><em>&#8220;Eu quero comunicar a toda a popula\u00e7\u00e3o de Itapicuru que o ent\u00e3o Secret\u00e1rio Municipal e Planejamento de Finan\u00e7as, o Sr. Jo\u00e3o Alfredo, deixa o governo em Itapicuru para assumir o cargo de Diretor de Programas e Projetos Especiais, da Secretaria de Infraestrutura, no governo do Estado da Bahia.<\/em><\/p>\n<p style=\"text-align: justify;\"><em>\u00a0A compet\u00eancia de Jo\u00e3o Alfredo foi lembrada pelo governo da Bahia e o seu nome foi indicado pelo nosso senador Otto Alencar que tamb\u00e9m faz parte do meu partido, o PSD.<\/em><\/p>\n<p style=\"text-align: justify;\"><em>Desejo boa sorte para Jo\u00e3o neste cargo t\u00e3o importante no Estado e, sobretudo, agrade\u00e7o imensamente pelo\u00a0trabalho\u00a0prestado em nosso governo aqui em Itapicuru!<\/em><\/p>\n<p style=\"text-align: justify;\"><em>12 de abril de 2018<\/em><\/p>\n<p style=\"text-align: justify;\"><em>Magno Ferreira de Souza&#8221;<\/em><br \/>\n<em><br \/>\nFonte: Itapicuru Not\u00edcias<\/em><\/p>\n","protected":false},"excerpt":{"rendered":"<p>O prefeito de Itapicuru-BA, Magno Souza confirmou nesta quinta-feira, 12, por meio das redes sociais\u00a0a sa\u00edda do Ex-prefeito Jo\u00e3o Alfredo da Secretaria de Finan\u00e7as do munic\u00edpio.\u00a0<\/p>\n","protected":false},"author":2,"featured_media":6335,"comment_status":"closed","ping_status":"open","sticky":false,"template":"","format":"standard","meta":{"om_disable_all_campaigns":false,"_monsterinsights_skip_tracking":false,"_monsterinsights_sitenote_active":false,"_monsterinsights_sitenote_note":"","_monsterinsights_sitenote_category":0,"footnotes":""},"categories":[70,18,69,21,32],"tags":[912,132,911],"class_list":["post-6334","post","type-post","status-publish","format-standard","has-post-thumbnail","hentry","category-destaques","category-itapicuru","category-noticias2","category-politica","category-regiao","tag-governo-da-bahia","tag-itapicuru","tag-secretario-de-financas"],"aioseo_notices":[],"_links":{"self":[{"href":"https:\/\/www.portalalerta.com.br\/index.php\/wp-json\/wp\/v2\/posts\/6334","targetHints":{"allow":["GET"]}}],"collection":[{"href":"https:\/\/www.portalalerta.com.br\/index.php\/wp-json\/wp\/v2\/posts"}],"about":[{"href":"https:\/\/www.portalalerta.com.br\/index.php\/wp-json\/wp\/v2\/types\/post"}],"author":[{"embeddable":true,"href":"https:\/\/www.portalalerta.com.br\/index.php\/wp-json\/wp\/v2\/users\/2"}],"replies":[{"embeddable":true,"href":"https:\/\/www.portalalerta.com.br\/index.php\/wp-json\/wp\/v2\/comments?post=6334"}],"version-history":[{"count":0,"href":"https:\/\/www.portalalerta.com.br\/index.php\/wp-json\/wp\/v2\/posts\/6334\/revisions"}],"wp:featuredmedia":[{"embeddable":true,"href":"https:\/\/www.portalalerta.com.br\/index.php\/wp-json\/wp\/v2\/media\/6335"}],"wp:attachment":[{"href":"https:\/\/www.portalalerta.com.br\/index.php\/wp-json\/wp\/v2\/media?parent=6334"}],"wp:term":[{"taxonomy":"category","embeddable":true,"href":"https:\/\/www.portalalerta.com.br\/index.php\/wp-json\/wp\/v2\/categories?post=6334"},{"taxonomy":"post_tag","embeddable":true,"href":"https:\/\/www.portalalerta.com.br\/index.php\/wp-json\/wp\/v2\/tags?post=6334"}],"curies":[{"name":"wp","href":"https:\/\/api.w.org\/{rel}","templated":true}]}}