{"id":6346,"date":"2018-04-14T11:15:06","date_gmt":"2018-04-14T14:15:06","guid":{"rendered":"http:\/\/www.portalalerta.com.br\/?p=6346"},"modified":"2018-04-14T11:15:06","modified_gmt":"2018-04-14T14:15:06","slug":"governador-libera-recursos-para-revitalizacao-do-parque-das-aguas-em-cipo-ba","status":"publish","type":"post","link":"https:\/\/www.portalalerta.com.br\/index.php\/2018\/04\/14\/governador-libera-recursos-para-revitalizacao-do-parque-das-aguas-em-cipo-ba\/","title":{"rendered":"Governador libera recursos para revitaliza\u00e7\u00e3o do Parque das \u00c1guas, em Cip\u00f3-BA"},"content":{"rendered":"<p style=\"text-align: justify;\">Na solenidade feita pelo Governador Rui Costa em Salvador, na qual foram liberados R$ 58 milh\u00f5es para conv\u00eanios em 106 munic\u00edpios baianos, Cip\u00f3 foi contemplado com a recupera\u00e7\u00e3o da pra\u00e7a ao lado da Escola Zelita, e revitaliza\u00e7\u00e3o Parque das \u00c1guas. Tamb\u00e9m foi liberado a ilumina\u00e7\u00e3o da entrada do Aeroporto ao Bairro Vitoria.<!--more--><\/p>\n<p style=\"text-align: justify;\"><img fetchpriority=\"high\" decoding=\"async\" class=\"size-thumbnail wp-image-4869 aligncenter\" src=\"http:\/\/www.portalalerta.com.br\/wp-content\/uploads\/2018\/02\/Auto-Escola-Nobre-720x181.jpg\" alt=\"\" width=\"720\" height=\"181\" srcset=\"https:\/\/www.portalalerta.com.br\/wp-content\/uploads\/2018\/02\/Auto-Escola-Nobre.jpg 720w, https:\/\/www.portalalerta.com.br\/wp-content\/uploads\/2018\/02\/Auto-Escola-Nobre-260x65.jpg 260w, https:\/\/www.portalalerta.com.br\/wp-content\/uploads\/2018\/02\/Auto-Escola-Nobre-50x13.jpg 50w, https:\/\/www.portalalerta.com.br\/wp-content\/uploads\/2018\/02\/Auto-Escola-Nobre-150x38.jpg 150w\" sizes=\"(max-width: 720px) 100vw, 720px\" \/>Anteriormente j\u00e1 tinha sido publicado no Di\u00e1rio Oficial do Estado da Bahia resultado de licita\u00e7\u00e3o para a pavimenta\u00e7\u00e3o, com asfalto, com extens\u00e3o de 2,5 Km, que vai beneficiar as Avenida 7 de Setembro, 05 de Agosto, Duque de Caxias, Castro Alves e Pra\u00e7a da Bandeira, entre outras.<\/p>\n<p style=\"text-align: justify;\">A Prefeitura Municipal de Cip\u00f3, realizou na quinta-feira, 12 de abril 2018, a entrega de mudas de palma a agricultores familiares do munic\u00edpio que sofrem para alimentar o gado no per\u00edodo de seca. A entrega das palmas \u00e9 fruto da parceria entre a Prefeitura e o Governo do Estado atrav\u00e9s da Secretaria Municipal de Agricultura e Meio Ambiente.<\/p>\n<p style=\"text-align: justify;\"><em>Fonte: Joilson Costa <\/em><\/p>\n","protected":false},"excerpt":{"rendered":"<p>Na solenidade feita pelo Governador Rui Costa em Salvador, na qual foram liberados R$ 58 milh\u00f5es para conv\u00eanios em 106 munic\u00edpios baianos, Cip\u00f3 foi contemplado com a recupera\u00e7\u00e3o da pra\u00e7a ao lado da Escola Zelita, e revitaliza\u00e7\u00e3o Parque das \u00c1guas. Tamb\u00e9m foi liberado a ilumina\u00e7\u00e3o da entrada do Aeroporto ao Bairro Vitoria.<\/p>\n","protected":false},"author":2,"featured_media":2718,"comment_status":"closed","ping_status":"open","sticky":false,"template":"","format":"standard","meta":{"om_disable_all_campaigns":false,"_monsterinsights_skip_tracking":false,"_monsterinsights_sitenote_active":false,"_monsterinsights_sitenote_note":"","_monsterinsights_sitenote_category":0,"footnotes":""},"categories":[13,70,69,21,32],"tags":[45,420,260],"class_list":["post-6346","post","type-post","status-publish","format-standard","has-post-thumbnail","hentry","category-cipo","category-destaques","category-noticias2","category-politica","category-regiao","tag-cipo","tag-governo-estadual","tag-governo-municipal"],"aioseo_notices":[],"_links":{"self":[{"href":"https:\/\/www.portalalerta.com.br\/index.php\/wp-json\/wp\/v2\/posts\/6346","targetHints":{"allow":["GET"]}}],"collection":[{"href":"https:\/\/www.portalalerta.com.br\/index.php\/wp-json\/wp\/v2\/posts"}],"about":[{"href":"https:\/\/www.portalalerta.com.br\/index.php\/wp-json\/wp\/v2\/types\/post"}],"author":[{"embeddable":true,"href":"https:\/\/www.portalalerta.com.br\/index.php\/wp-json\/wp\/v2\/users\/2"}],"replies":[{"embeddable":true,"href":"https:\/\/www.portalalerta.com.br\/index.php\/wp-json\/wp\/v2\/comments?post=6346"}],"version-history":[{"count":0,"href":"https:\/\/www.portalalerta.com.br\/index.php\/wp-json\/wp\/v2\/posts\/6346\/revisions"}],"wp:featuredmedia":[{"embeddable":true,"href":"https:\/\/www.portalalerta.com.br\/index.php\/wp-json\/wp\/v2\/media\/2718"}],"wp:attachment":[{"href":"https:\/\/www.portalalerta.com.br\/index.php\/wp-json\/wp\/v2\/media?parent=6346"}],"wp:term":[{"taxonomy":"category","embeddable":true,"href":"https:\/\/www.portalalerta.com.br\/index.php\/wp-json\/wp\/v2\/categories?post=6346"},{"taxonomy":"post_tag","embeddable":true,"href":"https:\/\/www.portalalerta.com.br\/index.php\/wp-json\/wp\/v2\/tags?post=6346"}],"curies":[{"name":"wp","href":"https:\/\/api.w.org\/{rel}","templated":true}]}}