{"id":63470,"date":"2024-10-30T07:03:00","date_gmt":"2024-10-30T10:03:00","guid":{"rendered":"https:\/\/www.portalalerta.com.br\/?p=63470"},"modified":"2024-10-30T23:56:02","modified_gmt":"2024-10-31T02:56:02","slug":"escandalo-em-ribeira-do-pombal-8-vereadores-eleitos-podem-perder-seus-cargos-por-conta-candidaturas-fantasmas","status":"publish","type":"post","link":"https:\/\/www.portalalerta.com.br\/index.php\/2024\/10\/30\/escandalo-em-ribeira-do-pombal-8-vereadores-eleitos-podem-perder-seus-cargos-por-conta-candidaturas-fantasmas\/","title":{"rendered":"Esc\u00e2ndalo em Ribeira do Pombal: 8 Vereadores Eleitos podem perder seus cargos por conta Candidaturas Fantasmas!"},"content":{"rendered":"\n<p>A not\u00edcia que movimentou Ribeira do Pombal nesta manh\u00e3, divulgada pelo time de jornalismo da&nbsp;<strong>R\u00e1dio Canabrava FM<\/strong>, levanta suspeitas sobre&nbsp;<strong>candidaturas fantasmas<\/strong>&nbsp;na cidade, todos do&nbsp;<strong>MDB<\/strong>&nbsp;e&nbsp;<strong>PV<\/strong>. A informa\u00e7\u00e3o, compartilhada pelos jornalistas&nbsp;<strong>Joilson Costa<\/strong>&nbsp;e&nbsp;<strong>Neiverson Costa<\/strong>, aponta fortes ind\u00edcios de irregularidades nas candidaturas de duas mulheres que supostamente n\u00e3o teriam sequer votado em si mesmas, o que configura uma poss\u00edvel fraude eleitoral.<\/p>\n\n\n\n<!--more-->\n\n\n\n<p>Candidaturas fantasmas ocorrem quando pessoas s\u00e3o registradas como candidatas, mas n\u00e3o fazem campanha ativa, sendo usadas apenas para cumprir a cota de g\u00eanero nas elei\u00e7\u00f5es. Esse tipo de irregularidade \u00e9 considerado grave pelo&nbsp;<strong>Tribunal Superior Eleitoral (TSE)<\/strong>, pois infringe a legisla\u00e7\u00e3o que busca garantir a participa\u00e7\u00e3o equilibrada de g\u00eaneros nas elei\u00e7\u00f5es.<\/p>\n\n\n<div class=\"wp-block-image\">\n<figure class=\"alignleft size-large is-resized\"><img fetchpriority=\"high\" decoding=\"async\" src=\"https:\/\/www.portalalerta.com.br\/wp-content\/uploads\/2024\/04\/Sabino-Tijolo-576x1024.jpg\" alt=\"\" class=\"wp-image-56164\" width=\"404\" height=\"718\" srcset=\"https:\/\/www.portalalerta.com.br\/wp-content\/uploads\/2024\/04\/Sabino-Tijolo-576x1024.jpg 576w, https:\/\/www.portalalerta.com.br\/wp-content\/uploads\/2024\/04\/Sabino-Tijolo-135x240.jpg 135w, https:\/\/www.portalalerta.com.br\/wp-content\/uploads\/2024\/04\/Sabino-Tijolo.jpg 591w\" sizes=\"(max-width: 404px) 100vw, 404px\" \/><\/figure><\/div>\n\n\n<p>O caso, segundo as informa\u00e7\u00f5es, j\u00e1 foi judicializado e est\u00e1 sendo analisado tanto por representantes da oposi\u00e7\u00e3o quanto da situa\u00e7\u00e3o. Se comprovada a fraude, os vereadores eleitos poder\u00e3o perder seus cargos, o que pode resultar em uma profunda altera\u00e7\u00e3o na composi\u00e7\u00e3o da&nbsp;<strong>C\u00e2mara Municipal de Ribeira do Pombal<\/strong>.<\/p>\n\n\n\n<p>Confira os nomes que podem ser atingidos:<\/p>\n\n\n\n<p><strong>MDB:<\/strong><\/p>\n\n\n\n<ul class=\"wp-block-list\">\n<li>Sulina Alc\u00e2ntara: 5,34% \u2013 1.910 votos (vereadora mais votada)<\/li>\n\n\n\n<li>Ata\u00edde Cigano (reeleito): 4,45% \u2013 1.592 votos<\/li>\n\n\n\n<li>Jo\u00e3o Vitor Maia: 4,04% \u2013 1.446 votos<\/li>\n\n\n\n<li>Z\u00e9 Rodrigo: 4,00% \u2013 1.430 votos<\/li>\n\n\n\n<li>Marcelo Brito (reeleito): 3,66% \u2013 1.310 votos<\/li>\n\n\n\n<li>Irm\u00e3o Ezequias (reeleito): 2,96% \u2013 1.060 votos<\/li>\n\n\n\n<li>Victor de Berguinho: 2,79% \u2013 996 votos<\/li>\n<\/ul>\n\n\n\n<p><strong>PV:<\/strong><\/p>\n\n\n\n<ul class=\"wp-block-list\">\n<li>Pedro de Agostinho: 2,68% \u2013 957 votos<\/li>\n<\/ul>\n\n\n\n<p>O caso lembra o ocorrido em&nbsp;<strong>Ribeira do Amparo<\/strong>, onde cinco vereadores tiveram suas candidaturas cassadas por situa\u00e7\u00e3o semelhante, alterando significativamente a composi\u00e7\u00e3o da c\u00e2mara.<\/p>\n\n\n\n<p>A comunidade de Ribeira do Pombal segue apreensiva, aguardando os desdobramentos deste esc\u00e2ndalo eleitoral<\/p>\n\n\n\n<p><em>Fonte: Dia a dia Nordeste<\/em><\/p>\n","protected":false},"excerpt":{"rendered":"<p>A not\u00edcia que movimentou Ribeira do Pombal nesta manh\u00e3, divulgada pelo time de jornalismo da&nbsp;R\u00e1dio Canabrava FM, levanta suspeitas sobre&nbsp;candidaturas fantasmas&nbsp;na cidade, todos do&nbsp;MDB&nbsp;e&nbsp;PV. A informa\u00e7\u00e3o, compartilhada pelos jornalistas&nbsp;Joilson Costa&nbsp;e&nbsp;Neiverson Costa, aponta fortes ind\u00edcios de irregularidades nas candidaturas de duas mulheres que supostamente n\u00e3o teriam sequer votado em si mesmas, o que configura uma poss\u00edvel &hellip;<\/p>\n","protected":false},"author":2,"featured_media":20489,"comment_status":"open","ping_status":"open","sticky":false,"template":"","format":"standard","meta":{"om_disable_all_campaigns":false,"_monsterinsights_skip_tracking":false,"_monsterinsights_sitenote_active":false,"_monsterinsights_sitenote_note":"","_monsterinsights_sitenote_category":0,"footnotes":""},"categories":[70,69,21,32,3],"tags":[100,71,48,644,75,45,46,5695,129,107,7576,44,132,230,106,203,120,51,109,88,47,111,190],"class_list":["post-63470","post","type-post","status-publish","format-standard","has-post-thumbnail","hentry","category-destaques","category-noticias2","category-politica","category-regiao","category-ribeira-do-pombal","tag-adustina","tag-antas","tag-araci","tag-cassacao","tag-cicero-dantas","tag-cipo","tag-crisopolis","tag-eleicoes-2024","tag-euclides-da-cunha","tag-fatima","tag-fraude-eleitoral","tag-heliopolis","tag-itapicuru","tag-jeremoabo","tag-nova-soure","tag-novo-triunfo","tag-olindina","tag-paripiranga","tag-quijingue","tag-ribeira-do-amparo","tag-ribeira-do-pombal","tag-sitio-do-quinto","tag-tucano"],"aioseo_notices":[],"_links":{"self":[{"href":"https:\/\/www.portalalerta.com.br\/index.php\/wp-json\/wp\/v2\/posts\/63470","targetHints":{"allow":["GET"]}}],"collection":[{"href":"https:\/\/www.portalalerta.com.br\/index.php\/wp-json\/wp\/v2\/posts"}],"about":[{"href":"https:\/\/www.portalalerta.com.br\/index.php\/wp-json\/wp\/v2\/types\/post"}],"author":[{"embeddable":true,"href":"https:\/\/www.portalalerta.com.br\/index.php\/wp-json\/wp\/v2\/users\/2"}],"replies":[{"embeddable":true,"href":"https:\/\/www.portalalerta.com.br\/index.php\/wp-json\/wp\/v2\/comments?post=63470"}],"version-history":[{"count":1,"href":"https:\/\/www.portalalerta.com.br\/index.php\/wp-json\/wp\/v2\/posts\/63470\/revisions"}],"predecessor-version":[{"id":63471,"href":"https:\/\/www.portalalerta.com.br\/index.php\/wp-json\/wp\/v2\/posts\/63470\/revisions\/63471"}],"wp:featuredmedia":[{"embeddable":true,"href":"https:\/\/www.portalalerta.com.br\/index.php\/wp-json\/wp\/v2\/media\/20489"}],"wp:attachment":[{"href":"https:\/\/www.portalalerta.com.br\/index.php\/wp-json\/wp\/v2\/media?parent=63470"}],"wp:term":[{"taxonomy":"category","embeddable":true,"href":"https:\/\/www.portalalerta.com.br\/index.php\/wp-json\/wp\/v2\/categories?post=63470"},{"taxonomy":"post_tag","embeddable":true,"href":"https:\/\/www.portalalerta.com.br\/index.php\/wp-json\/wp\/v2\/tags?post=63470"}],"curies":[{"name":"wp","href":"https:\/\/api.w.org\/{rel}","templated":true}]}}