{"id":6348,"date":"2018-04-14T11:32:24","date_gmt":"2018-04-14T14:32:24","guid":{"rendered":"http:\/\/www.portalalerta.com.br\/?p=6348"},"modified":"2018-04-14T11:45:32","modified_gmt":"2018-04-14T14:45:32","slug":"ribeira-do-pombal-bruno-marrone-e-a-primeira-atracao-anunciada-da-festa-de-outubro-2018","status":"publish","type":"post","link":"https:\/\/www.portalalerta.com.br\/index.php\/2018\/04\/14\/ribeira-do-pombal-bruno-marrone-e-a-primeira-atracao-anunciada-da-festa-de-outubro-2018\/","title":{"rendered":"Ribeira do Pombal: Bruno &#038; Marrone \u00e9 a primeira atra\u00e7\u00e3o anunciada da Festa de Outubro 2018"},"content":{"rendered":"<p style=\"text-align: justify;\">Na noite desta sexta-feira (13\/04), o prefeito de Ribeira do Pombal\/BA, Ricardo Maia (PSD), anunciou a primeira atra\u00e7\u00e3o da Festa de Outubro 2018. O anuncio ocorre, portanto, seis meses antes do evento.<!--more--><\/p>\n<p style=\"text-align: justify;\"><img decoding=\"async\" class=\"size-full wp-image-2814 alignleft\" src=\"http:\/\/www.portalalerta.com.br\/wp-content\/uploads\/2017\/11\/banner9.png\" alt=\"\" width=\"270\" height=\"174\" srcset=\"https:\/\/www.portalalerta.com.br\/wp-content\/uploads\/2017\/11\/banner9.png 270w, https:\/\/www.portalalerta.com.br\/wp-content\/uploads\/2017\/11\/banner9-227x146.png 227w, https:\/\/www.portalalerta.com.br\/wp-content\/uploads\/2017\/11\/banner9-50x32.png 50w, https:\/\/www.portalalerta.com.br\/wp-content\/uploads\/2017\/11\/banner9-116x75.png 116w\" sizes=\"(max-width: 270px) 100vw, 270px\" \/>Trata-se da dupla sertaneja Bruno &amp; Marrone, que retornar\u00e1 ao munic\u00edpio pombalense ap\u00f3s seis anos, quando se apresentou em um evento privado.<\/p>\n<p style=\"text-align: justify;\">Com 23 \u00e1lbuns gravados, dentre eles 9 DVDs, algumas colet\u00e2neas, mais de 16 milh\u00f5es de c\u00f3pias vendidas e mais de 150 shows anuais feitos em todas as regi\u00f5es brasileiras, Bruno e Marrone se consagraram como um dos principais artistas populares do pa\u00eds. Recordistas de p\u00fablico em uma apresenta\u00e7\u00e3o com 120 mil pessoas em Bras\u00edlia, p\u00fablico este superado por eles mesmos em janeiro de 2010, quando fizeram um show em Balne\u00e1rio Cambori\u00fa em Santana Catarina para um impressionante p\u00fablico de 180 mil pessoas.<\/p>\n<p style=\"text-align: justify;\">A data de apresenta\u00e7\u00e3o da dupla em Ribeira do Pombal ainda n\u00e3o foi confirmada. A Festa de Outubro 2018 deve ocorrer nos dias 12, 13, 14 e 15\/10.<\/p>\n<p>contece seis meses antes da festa mais esperada no munic\u00edpio.<\/p>\n<p style=\"text-align: justify;\"><em>Fonte: R\u00e1dio Povo\u00a0<\/em><\/p>\n","protected":false},"excerpt":{"rendered":"<p>Na noite desta sexta-feira (13\/04), o prefeito de Ribeira do Pombal\/BA, Ricardo Maia (PSD), anunciou a primeira atra\u00e7\u00e3o da Festa de Outubro 2018. O anuncio ocorre, portanto, seis meses antes do evento.<\/p>\n","protected":false},"author":2,"featured_media":6349,"comment_status":"closed","ping_status":"open","sticky":false,"template":"","format":"standard","meta":{"om_disable_all_campaigns":false,"_monsterinsights_skip_tracking":false,"_monsterinsights_sitenote_active":false,"_monsterinsights_sitenote_note":"","_monsterinsights_sitenote_category":0,"footnotes":""},"categories":[70,36,69,32,3],"tags":[916,344,914,915,47],"class_list":["post-6348","post","type-post","status-publish","format-standard","has-post-thumbnail","hentry","category-destaques","category-lazer","category-noticias2","category-regiao","category-ribeira-do-pombal","tag-bruno-e-marrone","tag-festa","tag-festa-de-outubro","tag-festa-tradicional","tag-ribeira-do-pombal"],"aioseo_notices":[],"_links":{"self":[{"href":"https:\/\/www.portalalerta.com.br\/index.php\/wp-json\/wp\/v2\/posts\/6348","targetHints":{"allow":["GET"]}}],"collection":[{"href":"https:\/\/www.portalalerta.com.br\/index.php\/wp-json\/wp\/v2\/posts"}],"about":[{"href":"https:\/\/www.portalalerta.com.br\/index.php\/wp-json\/wp\/v2\/types\/post"}],"author":[{"embeddable":true,"href":"https:\/\/www.portalalerta.com.br\/index.php\/wp-json\/wp\/v2\/users\/2"}],"replies":[{"embeddable":true,"href":"https:\/\/www.portalalerta.com.br\/index.php\/wp-json\/wp\/v2\/comments?post=6348"}],"version-history":[{"count":0,"href":"https:\/\/www.portalalerta.com.br\/index.php\/wp-json\/wp\/v2\/posts\/6348\/revisions"}],"wp:featuredmedia":[{"embeddable":true,"href":"https:\/\/www.portalalerta.com.br\/index.php\/wp-json\/wp\/v2\/media\/6349"}],"wp:attachment":[{"href":"https:\/\/www.portalalerta.com.br\/index.php\/wp-json\/wp\/v2\/media?parent=6348"}],"wp:term":[{"taxonomy":"category","embeddable":true,"href":"https:\/\/www.portalalerta.com.br\/index.php\/wp-json\/wp\/v2\/categories?post=6348"},{"taxonomy":"post_tag","embeddable":true,"href":"https:\/\/www.portalalerta.com.br\/index.php\/wp-json\/wp\/v2\/tags?post=6348"}],"curies":[{"name":"wp","href":"https:\/\/api.w.org\/{rel}","templated":true}]}}