{"id":63603,"date":"2024-11-01T11:47:34","date_gmt":"2024-11-01T14:47:34","guid":{"rendered":"https:\/\/www.portalalerta.com.br\/?p=63603"},"modified":"2024-11-01T11:47:35","modified_gmt":"2024-11-01T14:47:35","slug":"policia-investiga-se-mancha-verde-teve-apoio-de-organizada-do-parana-em-emboscada","status":"publish","type":"post","link":"https:\/\/www.portalalerta.com.br\/index.php\/2024\/11\/01\/policia-investiga-se-mancha-verde-teve-apoio-de-organizada-do-parana-em-emboscada\/","title":{"rendered":"Pol\u00edcia investiga se Mancha Verde teve apoio de organizada do Paran\u00e1 em emboscada"},"content":{"rendered":"\n<p>Torcedores da M\u00e1fia Azul teriam sido perseguidos desde que deixaram est\u00e1dio ap\u00f3s jogo no Paran\u00e1<\/p>\n\n\n\n<!--more-->\n\n\n\n<p>Enquanto policiais&nbsp;tentam prender os seis membros da torcida organizada Mancha Verde, apontados como mentores e respons\u00e1veis pelo&nbsp;<a href=\"https:\/\/www.cnnbrasil.com.br\/nacional\/confronto-entre-torcedores-do-cruzeiro-e-palmeiras-deixa-feridos-e-morto-em-sp\/\">ataque que terminou com a morte de um torcedor da organizada M\u00e1fia Azul<\/a>, em uma emboscada no \u00faltimo domingo (27), na cidade de Mairipor\u00e3, interior de S\u00e3o Paulo, investigadores tentam esclarecer se outra torcida teria participado do esquema.<\/p>\n\n\n\n<p>Um documento da investiga\u00e7\u00e3o, ao qual a&nbsp;CNN&nbsp;teve acesso, aponta que policiais que atuam no caso receberam a informa\u00e7\u00e3o de que&nbsp;torcedores da M\u00e1fia Azul teriam sido perseguidos&nbsp;desde o momento em que os dois \u00f4nibus que ocupavam deixaram o estacionamento do est\u00e1dio onde aconteceu o jogo entre Athletico e Cruzeiro, no \u00faltimo s\u00e1bado (26).<\/p>\n\n\n<div class=\"wp-block-image\">\n<figure class=\"alignleft size-large is-resized\"><img fetchpriority=\"high\" decoding=\"async\" src=\"https:\/\/www.portalalerta.com.br\/wp-content\/uploads\/2024\/04\/Sabino-Tijolo-576x1024.jpg\" alt=\"\" class=\"wp-image-56164\" width=\"407\" height=\"724\" srcset=\"https:\/\/www.portalalerta.com.br\/wp-content\/uploads\/2024\/04\/Sabino-Tijolo-576x1024.jpg 576w, https:\/\/www.portalalerta.com.br\/wp-content\/uploads\/2024\/04\/Sabino-Tijolo-135x240.jpg 135w, https:\/\/www.portalalerta.com.br\/wp-content\/uploads\/2024\/04\/Sabino-Tijolo.jpg 591w\" sizes=\"(max-width: 407px) 100vw, 407px\" \/><\/figure><\/div>\n\n\n<p>Ainda n\u00e3o h\u00e1 confirma\u00e7\u00e3o sobre quem teria perseguido o ve\u00edculo e supostamente atuado como batedor at\u00e9 a emboscada final, que aconteceu na altura do quil\u00f4metro 65 da Rodovia Fern\u00e3o Dias, mas&nbsp;o documento destaca o poss\u00edvel envolvimento de outra torcida&nbsp;e uma poss\u00edvel influ\u00eancia do presidente da Mancha Verde, Jorge Luiz Sampaio, sobre esta.<\/p>\n\n\n\n<p>\u201cSe for constatado envolvimento de membros de torcida organizada do Estado do Paran\u00e1 apoiando os atos criminosos at\u00e9 aqui apurados, demonstrando que exerce lideran\u00e7a ativa e de relev\u00e2ncia em outros Estados somente confirma o crescimento, envolvimento e lideran\u00e7a a frente da torcida\u201d, diz trecho do documento.<\/p>\n\n\n\n<p><a href=\"https:\/\/www.cnnbrasil.com.br\/nacional\/integrantes-da-mancha-verde-identificados-pela-policia-acumulam-historico-de-crimes\/\">O relat\u00f3rio da pol\u00edcia civil tamb\u00e9m aponta que o vice-presidente da torcida, Felipe Santos<\/a>, foi visto pr\u00f3ximo ao local onde aconteceu o confronto duas horas antes, o que indica que possivelmente, j\u00e1 estava se preparando para a emboscada.&nbsp;Para a pol\u00edcia, n\u00e3o restam d\u00favidas de que Felipe foi um dos l\u00edderes do planejamento da a\u00e7\u00e3o, com Jorge, no \u00faltimo domingo.<\/p>\n\n\n\n<p><strong>Pris\u00e3o decretada<\/strong><\/p>\n\n\n\n<p>Na tarde de ontem (30), a Justi\u00e7a de S\u00e3o Paulo decretou a pris\u00e3o preventiva de Jorge Luiz Sampaio, Felipe Santos,&nbsp; Neilo Ferreira e Silva, Leandro Gomes dos Santos, o \u201cLeandrinho\u201d, Henrique Moreira Lelis, conhecido como \u201cDit\u00e3o Mancha\u201d e Aur\u00e9lio Andrade de Lima.<\/p>\n\n\n\n<p>Eles s\u00e3o os principais l\u00edderes da torcida e seriam os respons\u00e1veis pelo ataque. At\u00e9 o momento, ningu\u00e9m foi preso.<\/p>\n\n\n\n<p><strong>Outro lado<\/strong><\/p>\n\n\n\n<p>A&nbsp;CNN&nbsp;entrou em contato com a Mancha Verde sobre os pedidos de pris\u00e3o e o relat\u00f3rio da Pol\u00edcia Civil e aguarda retorno.&nbsp;Procurada, a defesa de Jorge Luiz disse que at\u00e9 o momento n\u00e3o teve acesso ao inqu\u00e9rito e, que no momento, n\u00e3o se pronunciaria sobre o pedido de pris\u00e3o. A&nbsp;CNN&nbsp;tenta tamb\u00e9m contato com a defesa de Felipe Santos. As defesas dos demais citados n\u00e3o foram encontradas. O espa\u00e7o segue aberto.<\/p>\n\n\n\n<p><em>Fonte:&nbsp; CNN Brasil<\/em><\/p>\n","protected":false},"excerpt":{"rendered":"<p>Torcedores da M\u00e1fia Azul teriam sido perseguidos desde que deixaram est\u00e1dio ap\u00f3s jogo no Paran\u00e1<\/p>\n","protected":false},"author":2,"featured_media":63276,"comment_status":"open","ping_status":"open","sticky":false,"template":"","format":"standard","meta":{"om_disable_all_campaigns":false,"_monsterinsights_skip_tracking":false,"_monsterinsights_sitenote_active":false,"_monsterinsights_sitenote_note":"","_monsterinsights_sitenote_category":0,"footnotes":""},"categories":[70,69],"tags":[],"class_list":["post-63603","post","type-post","status-publish","format-standard","has-post-thumbnail","hentry","category-destaques","category-noticias2"],"aioseo_notices":[],"_links":{"self":[{"href":"https:\/\/www.portalalerta.com.br\/index.php\/wp-json\/wp\/v2\/posts\/63603","targetHints":{"allow":["GET"]}}],"collection":[{"href":"https:\/\/www.portalalerta.com.br\/index.php\/wp-json\/wp\/v2\/posts"}],"about":[{"href":"https:\/\/www.portalalerta.com.br\/index.php\/wp-json\/wp\/v2\/types\/post"}],"author":[{"embeddable":true,"href":"https:\/\/www.portalalerta.com.br\/index.php\/wp-json\/wp\/v2\/users\/2"}],"replies":[{"embeddable":true,"href":"https:\/\/www.portalalerta.com.br\/index.php\/wp-json\/wp\/v2\/comments?post=63603"}],"version-history":[{"count":1,"href":"https:\/\/www.portalalerta.com.br\/index.php\/wp-json\/wp\/v2\/posts\/63603\/revisions"}],"predecessor-version":[{"id":63604,"href":"https:\/\/www.portalalerta.com.br\/index.php\/wp-json\/wp\/v2\/posts\/63603\/revisions\/63604"}],"wp:featuredmedia":[{"embeddable":true,"href":"https:\/\/www.portalalerta.com.br\/index.php\/wp-json\/wp\/v2\/media\/63276"}],"wp:attachment":[{"href":"https:\/\/www.portalalerta.com.br\/index.php\/wp-json\/wp\/v2\/media?parent=63603"}],"wp:term":[{"taxonomy":"category","embeddable":true,"href":"https:\/\/www.portalalerta.com.br\/index.php\/wp-json\/wp\/v2\/categories?post=63603"},{"taxonomy":"post_tag","embeddable":true,"href":"https:\/\/www.portalalerta.com.br\/index.php\/wp-json\/wp\/v2\/tags?post=63603"}],"curies":[{"name":"wp","href":"https:\/\/api.w.org\/{rel}","templated":true}]}}